{"id":1119,"date":"2015-01-31T23:45:40","date_gmt":"2015-01-31T23:45:40","guid":{"rendered":"http:\/\/www.intagcoffee.com\/?p=203"},"modified":"2015-01-31T23:45:40","modified_gmt":"2015-01-31T23:45:40","slug":"impressions-from-la-guaca","status":"publish","type":"post","link":"https:\/\/cloudforestcoffee.ca\/fr\/impressions-from-la-guaca\/","title":{"rendered":"Impressions de La Guaca"},"content":{"rendered":"<p>Ceci est un article invit\u00e9 de Marie !<\/p>\n<p>Nous sommes arriv\u00e9s hier \u00e0 Loja (prononcer Lo-ha), mais avec les souvenirs de La Guaca encore frais en m\u00e9moire. Nous avons organis\u00e9 une f\u00eate d&#039;adieu, une despedida, le 29, notre dernier jour dans la communaut\u00e9, et toutes les familles de la coop\u00e9rative de caf\u00e9 se sont r\u00e9unies pour pr\u00e9parer un bon repas compos\u00e9 de poulet r\u00f4ti, de pommes de terre saut\u00e9es et de riz. Chaque membre de la coop\u00e9rative a prononc\u00e9 un bref discours, nous remerciant pour notre travail et le temps pass\u00e9 avec eux, et nous disant que nous avions d\u00e9sormais des familles \u00e9quatoriennes pr\u00eates \u00e0 nous accueillir \u00e0 nouveau \u00e0 bras ouverts. C&#039;\u00e9tait tr\u00e8s \u00e9mouvant.<\/p>\n<p>Dans l\u2019ensemble, les principales choses dont je me souviendrai de La Guaca sont l\u2019intensit\u00e9 de la pluie et la gentillesse de nos familles au milieu de modes de vie tr\u00e8s difficiles.<\/p>\n<figure id=\"attachment_210\" aria-describedby=\"caption-attachment-210\" style=\"width: 150px\" class=\"wp-caption aligncenter\"><a href=\"http:\/\/www.intagcoffee.com\/wp-content\/uploads\/2015\/01\/DSCF8680.jpg\"><img loading=\"lazy\" decoding=\"async\" class=\"wp-image-210 size-thumbnail\" src=\"http:\/\/www.intagcoffee.com\/wp-content\/uploads\/2015\/01\/DSCF8680-150x150.jpg\" alt=\"DSCF8680\" width=\"150\" height=\"150\" srcset=\"https:\/\/cloudforestcoffee.ca\/wp-content\/uploads\/2015\/01\/DSCF8680-150x150.jpg 150w, https:\/\/cloudforestcoffee.ca\/wp-content\/uploads\/2015\/01\/DSCF8680-180x180.jpg 180w, https:\/\/cloudforestcoffee.ca\/wp-content\/uploads\/2015\/01\/DSCF8680-300x300.jpg 300w, https:\/\/cloudforestcoffee.ca\/wp-content\/uploads\/2015\/01\/DSCF8680-600x600.jpg 600w\" sizes=\"auto, (max-width: 150px) 100vw, 150px\" \/><\/a><figcaption id=\"caption-attachment-210\" class=\"wp-caption-text\">Les familles de la coop\u00e9rative de caf\u00e9 de notre despedida<\/figcaption><\/figure>\n<p>Francis a mentionn\u00e9 la pluie dans son dernier article, mais je ne pense pas pouvoir d\u00e9crire fid\u00e8lement mes impressions sans en parler aussi. Quand nous avons pr\u00e9vu d&#039;aller \u00e0 La Guaca, L\u00e9nine, notre charg\u00e9 de communication, nous a pr\u00e9venus que c&#039;\u00e9tait la saison des pluies. Francis et moi en avons parl\u00e9, mais avons balay\u00e9 cela comme une inqui\u00e9tude, en disant : \u00ab Oh, on n&#039;est pas faits de sucre ! \u00bb Et bien s\u00fbr, on ne l&#039;est pas. Mais, waouh ! Une pluie battante, DURABLE, au moins une partie de la journ\u00e9e, c&#039;\u00e9tait un vrai d\u00e9fi ! Ma maison d&#039;h\u00f4tes n&#039;\u00e9tait accessible que par un sentier, et elle se transformait en v\u00e9ritable ruisseau apr\u00e8s chaque averse.<\/p>\n<p>Mon moment pr\u00e9f\u00e9r\u00e9 sous la pluie, c&#039;\u00e9tait quand nous \u00e9tions pris au pi\u00e8ge, en contrebas de la ferme o\u00f9 je logeais, \u00e0 broyer de la canne \u00e0 sucre et \u00e0 observer des plants de yuca. Nous avons couru avec Roman chez ses beaux-parents et nous sommes assis sous le porche pour regarder la pluie tomber.<\/p>\n<figure id=\"attachment_209\" aria-describedby=\"caption-attachment-209\" style=\"width: 150px\" class=\"wp-caption aligncenter\"><a href=\"http:\/\/www.intagcoffee.com\/wp-content\/uploads\/2015\/01\/DSCF8625-e1422747612179.jpg\"><img loading=\"lazy\" decoding=\"async\" class=\"wp-image-209 size-thumbnail\" src=\"http:\/\/www.intagcoffee.com\/wp-content\/uploads\/2015\/01\/DSCF8625-e1422747612179-150x150.jpg\" alt=\"DSCF8625\" width=\"150\" height=\"150\" \/><\/a><figcaption id=\"caption-attachment-209\" class=\"wp-caption-text\">Moi avec Roman, nettoyant la canne \u00e0 sucre avant de l&#039;\u00e9craser pour obtenir ses jus sucr\u00e9s et sucr\u00e9s.<\/figcaption><\/figure>\n<figure id=\"attachment_206\" aria-describedby=\"caption-attachment-206\" style=\"width: 150px\" class=\"wp-caption aligncenter\"><a href=\"http:\/\/www.intagcoffee.com\/wp-content\/uploads\/2015\/01\/DSCF8631.jpg\"><img loading=\"lazy\" decoding=\"async\" class=\"wp-image-206 size-thumbnail\" src=\"http:\/\/www.intagcoffee.com\/wp-content\/uploads\/2015\/01\/DSCF8631-150x150.jpg\" alt=\"DSCF8631\" width=\"150\" height=\"150\" srcset=\"https:\/\/cloudforestcoffee.ca\/wp-content\/uploads\/2015\/01\/DSCF8631-150x150.jpg 150w, https:\/\/cloudforestcoffee.ca\/wp-content\/uploads\/2015\/01\/DSCF8631-180x180.jpg 180w, https:\/\/cloudforestcoffee.ca\/wp-content\/uploads\/2015\/01\/DSCF8631-300x300.jpg 300w, https:\/\/cloudforestcoffee.ca\/wp-content\/uploads\/2015\/01\/DSCF8631-600x600.jpg 600w\" sizes=\"auto, (max-width: 150px) 100vw, 150px\" \/><\/a><figcaption id=\"caption-attachment-206\" class=\"wp-caption-text\">Francis savourant une cigarette de tabac frais<\/figcaption><\/figure>\n<p>Francis a fum\u00e9 une cigarette avec du tabac frais roul\u00e9 dans un bout de papier. Nous avons chant\u00e9 quelques chansons \u00e0 l&#039;un des enfants, et ils nous ont pr\u00e9par\u00e9 du caf\u00e9 et du tabac frais. C&#039;\u00e9tait un apr\u00e8s-midi merveilleux, calme et empreint d&#039;une ambiance conviviale. Cependant, la pluie a rendu les choses difficiles, car nous n&#039;avions pas de travail \u00e0 faire pendant la pluie, et nous avons donc pass\u00e9 certains jours sans activit\u00e9s pr\u00e9vues.<\/p>\n<figure id=\"attachment_207\" aria-describedby=\"caption-attachment-207\" style=\"width: 150px\" class=\"wp-caption aligncenter\"><a href=\"http:\/\/www.intagcoffee.com\/wp-content\/uploads\/2015\/01\/DSCF8629.jpg\"><img loading=\"lazy\" decoding=\"async\" class=\"wp-image-207 size-thumbnail\" src=\"http:\/\/www.intagcoffee.com\/wp-content\/uploads\/2015\/01\/DSCF8629-150x150.jpg\" alt=\"DSCF8629\" width=\"150\" height=\"150\" \/><\/a><figcaption id=\"caption-attachment-207\" class=\"wp-caption-text\">Moi dans un champ de plants de yuca !<\/figcaption><\/figure>\n<p>Mais comme la pluie \u00e9tait omnipr\u00e9sente, nous avons vraiment profit\u00e9 des moments ensoleill\u00e9s. Nous avons aussi appris \u00e0 accepter toutes les propositions de sorties ou de moments pass\u00e9s avec nous (ma famille d&#039;accueil adorait jouer aux cartes, et nous y jouions tous les jours\u00a0; j&#039;ai fini par laisser ma terrasse, car je trouvais que cela donnait \u00e0 tout le monde une raison de se r\u00e9unir).<\/p>\n<p>Une activit\u00e9 vraiment sympa que nous avons faite a \u00e9t\u00e9 de nous baigner dans une piscine naturelle, au pied d&#039;une cascade. Le \u00ab fr\u00e8re \u00bb de Francis, qui \u00e9tait chez lui, lui a montr\u00e9 un endroit vraiment magnifique, et il m&#039;y a emmen\u00e9e quelques jours plus tard. Pour y arriver, nous avons fait une randonn\u00e9e sinueuse \u00e0 travers des sentiers de montagne, avec des zones rocheuses et humides, de magnifiques zones montagneuses o\u00f9 paissent vaches et chevaux, des fermes o\u00f9 poussent des bananiers et des goyaviers partout, et des zones d&#039;argile arides et glissantes, jusqu&#039;\u00e0 un endroit magique, avec une eau glaciale et tumultueuse. C&#039;\u00e9tait tellement rafra\u00eechissant, et dans un endroit si sp\u00e9cial et unique !<\/p>\n<figure id=\"attachment_205\" aria-describedby=\"caption-attachment-205\" style=\"width: 150px\" class=\"wp-caption aligncenter\"><a href=\"http:\/\/www.intagcoffee.com\/wp-content\/uploads\/2015\/01\/DSCF8677.jpg\"><img loading=\"lazy\" decoding=\"async\" class=\"wp-image-205 size-thumbnail\" src=\"http:\/\/www.intagcoffee.com\/wp-content\/uploads\/2015\/01\/DSCF8677-150x150.jpg\" alt=\"DSCF8677\" width=\"150\" height=\"150\" \/><\/a><figcaption id=\"caption-attachment-205\" class=\"wp-caption-text\">Francis, Victor et Pedro \u00e0 la cascade, un lieu de majest\u00e9 spirituelle !<\/figcaption><\/figure>\n<p>Une chose exceptionnellement gentille que ma famille d&#039;accueil a faite pour moi a \u00e9t\u00e9 de me pr\u00e9parer une sp\u00e9cialit\u00e9 \u00e9quatorienne, quand ils ont entendu que je ne l&#039;avais pas essay\u00e9e ; cuy.<\/p>\n<figure id=\"attachment_204\" aria-describedby=\"caption-attachment-204\" style=\"width: 150px\" class=\"wp-caption aligncenter\"><a href=\"http:\/\/www.intagcoffee.com\/wp-content\/uploads\/2015\/01\/DSCF8642.jpg\"><img loading=\"lazy\" decoding=\"async\" class=\"wp-image-204 size-thumbnail\" src=\"http:\/\/www.intagcoffee.com\/wp-content\/uploads\/2015\/01\/DSCF8642-150x150.jpg\" alt=\"DSCF8642\" width=\"150\" height=\"150\" srcset=\"https:\/\/cloudforestcoffee.ca\/wp-content\/uploads\/2015\/01\/DSCF8642-150x150.jpg 150w, https:\/\/cloudforestcoffee.ca\/wp-content\/uploads\/2015\/01\/DSCF8642-180x180.jpg 180w, https:\/\/cloudforestcoffee.ca\/wp-content\/uploads\/2015\/01\/DSCF8642-300x300.jpg 300w, https:\/\/cloudforestcoffee.ca\/wp-content\/uploads\/2015\/01\/DSCF8642-600x600.jpg 600w\" sizes=\"auto, (max-width: 150px) 100vw, 150px\" \/><\/a><figcaption id=\"caption-attachment-204\" class=\"wp-caption-text\">Deux chattes abattues et un petit chien - l&#039;un des six chiens de ma famille d&#039;accueil, et le plus mignon !<\/figcaption><\/figure>\n<p>Oui, ce sont des cochons d&#039;Inde. Ils les \u00e9l\u00e8vent eux-m\u00eames, et autrement, ils ne les mangeraient probablement pas, car le coy est assez cher pour les \u00c9quatoriens. On m&#039;a propos\u00e9 de les accompagner tout au long du processus, de l&#039;abattage \u00e0 la pr\u00e9paration, puis \u00e0 la consommation. Ramon leur a cass\u00e9 le cou, et Rosa, ma m\u00e8re d&#039;accueil, les a pr\u00e9par\u00e9s en les trempant dans de l&#039;eau bouillante, en les d\u00e9poilant \u00e0 la main, puis en br\u00fblant les derniers poils autour du nez et des pattes. Ils les ont ensuite r\u00f4tis dans un four en adobe ext\u00e9rieur. Je dois dire que je ne pouvais pas oublier que je mangeais un cochon d&#039;Inde suffisamment pour en profiter pleinement. \u00c0 chaque repas, en tant qu&#039;invit\u00e9, on me donnait le meilleur morceau de viande, ce qui \u00e9tait tr\u00e8s gentil, m\u00eame si j&#039;avais toujours de la peine pour la m\u00e8re, qui semblait se contenter des restes. Oh, les m\u00e8res\u2026 Toujours \u00e0 en prendre une pour l&#039;\u00e9quipe ! Le coy a un go\u00fbt de lapin et c&#039;est plut\u00f4t d\u00e9licieux ; Francis adore \u00e7a ! Peut-\u00eatre que si je n&#039;avais pas eu le morceau avec une patte carbonis\u00e9e et recourb\u00e9e par la chaleur, j&#039;aurais pu mieux appr\u00e9cier la saveur, et ne pas imaginer l&#039;animal de compagnie de mon ami d&#039;enfance dans mon assiette !<\/p>\n<p>Parmi les autres plats que nous mangions\u00a0: du riz au moins une fois par jour, souvent accompagn\u00e9 d&#039;\u0153ufs au plat. Chez moi, on trouvait beaucoup de plantains fra\u00eechement cueillis (semblables aux bananes, mais moins sucr\u00e9s \u2013 g\u00e9n\u00e9ralement frits ou \u00e9cras\u00e9s) et de manioc (un l\u00e9gume-racine un peu fade qui ajoute une texture d\u00e9licieuse aux soupes), de nombreuses soupes diff\u00e9rentes et du queso fresco (lait bouilli avec un levain pour obtenir un fromage frais et sal\u00e9). Une autre sp\u00e9cialit\u00e9 que l&#039;on m&#039;a servie \u00e9tait des tripes de b\u0153uf sur du riz.<\/p>\n<p>\u00c0 ma grande surprise, les oranges n&#039;\u00e9taient pas de saison dans le climat m\u00e9ridional de La Guaca. L&#039;une des principales impressions du syst\u00e8me alimentaire local est qu&#039;il faut simplement profiter de ce qui est disponible. Je me suis gav\u00e9 de bananes fra\u00eeches et de jus de \u00ab\u00a0tomate arbustive\u00a0\u00bb \u2013 miam\u00a0! Des camions passent \u00e0 des heures pr\u00e9cises, et les gens prennent rendez-vous pour acheter d&#039;autres produits\u00a0: le mercredi, du poisson fra\u00eechement p\u00each\u00e9, et le samedi, des fruits et l\u00e9gumes vari\u00e9s.<\/p>\n<p>Le co\u00fbt de la vie est un sujet qui m&#039;est souvent venu \u00e0 l&#039;esprit \u00e0 La Guaca. Pour gagner six dollars, un agriculteur devrait planter un bananier, attendre un an, r\u00e9colter une tr\u00e8s grosse quantit\u00e9, puis recommencer, car les bananiers ne produisent qu&#039;une seule fois. Rosa m&#039;a expliqu\u00e9 que le revenu d&#039;une famille serait inf\u00e9rieur \u00e0 300 dollars (USD) par mois\u2026 Alors, m\u00eame s&#039;ils mangent bio et frais tous les jours, ils n&#039;ont pas vraiment d&#039;argent. Dans une soci\u00e9t\u00e9 capitaliste, les agriculteurs \u00e9quatoriens peinent \u00e0 subvenir aux besoins de leur famille, mais j&#039;ai toujours \u00e9t\u00e9 impressionn\u00e9 et touch\u00e9 par l&#039;amour et l&#039;attention que nos familles d&#039;accueil ont port\u00e9s, par leurs actes et leurs paroles, \u00e0 la terre, aux plantes et \u00e0 leurs familles.<\/p>\n<p>&nbsp;<\/p>","protected":false},"excerpt":{"rendered":"<p>Ceci est un article invit\u00e9 de Marie\u00a0! Nous sommes arriv\u00e9s hier \u00e0 Loja (prononc\u00e9 Lo-ha), mais avec les souvenirs de La Guaca encore frais en t\u00eate. Nous avons organis\u00e9 une f\u00eate d&#039;adieu, une despedida, le 29, notre dernier jour dans la communaut\u00e9, et toutes les familles de la coop\u00e9rative de caf\u00e9 se sont r\u00e9unies pour [\u2026]<\/p>","protected":false},"author":1,"featured_media":208,"comment_status":"closed","ping_status":"closed","sticky":false,"template":"","format":"standard","meta":{"footnotes":""},"categories":[8],"tags":[],"class_list":["post-1119","post","type-post","status-publish","format-standard","has-post-thumbnail","hentry","category-blog-posts","has-post-title","has-post-date","has-post-category","has-post-tag","has-post-comment","has-post-author",""],"yoast_head":"<!-- This site is optimized with the Yoast SEO plugin v26.5 - https:\/\/yoast.com\/wordpress\/plugins\/seo\/ -->\n<title>Impressions from La Guaca - Cloud Forest Coffee<\/title>\n<meta name=\"robots\" content=\"noindex, follow\" \/>\n<meta property=\"og:locale\" content=\"fr_CA\" \/>\n<meta property=\"og:type\" content=\"article\" \/>\n<meta property=\"og:title\" content=\"Impressions from La Guaca - Cloud Forest Coffee\" \/>\n<meta property=\"og:description\" content=\"This is a guest post from Marie! We arrived yesterday in Loja (pronounced Lo-ha), but with impressions from La Guaca still fresh in mind. We had a going away party, a despedida, on the 29th, our last day in the community, and all of the families who make up the coffee co-op joined together to [&hellip;]\" \/>\n<meta property=\"og:url\" content=\"https:\/\/cloudforestcoffee.ca\/fr\/impressions-from-la-guaca\/\" \/>\n<meta property=\"og:site_name\" content=\"Cloud Forest Coffee\" \/>\n<meta property=\"article:published_time\" content=\"2015-01-31T23:45:40+00:00\" \/>\n<meta property=\"og:image\" content=\"https:\/\/cloudforestcoffee.ca\/wp-content\/uploads\/2015\/01\/DSCF8654.jpg\" \/>\n\t<meta property=\"og:image:width\" content=\"1280\" \/>\n\t<meta property=\"og:image:height\" content=\"960\" \/>\n\t<meta property=\"og:image:type\" content=\"image\/jpeg\" \/>\n<meta name=\"author\" content=\"cloudforestcoffee\" \/>\n<meta name=\"twitter:card\" content=\"summary_large_image\" \/>\n<meta name=\"twitter:label1\" content=\"\u00c9crit par\" \/>\n\t<meta name=\"twitter:data1\" content=\"cloudforestcoffee\" \/>\n\t<meta name=\"twitter:label2\" content=\"Estimation du temps de lecture\" \/>\n\t<meta name=\"twitter:data2\" content=\"6 minutes\" \/>\n<script type=\"application\/ld+json\" class=\"yoast-schema-graph\">{\"@context\":\"https:\/\/schema.org\",\"@graph\":[{\"@type\":\"Article\",\"@id\":\"https:\/\/cloudforestcoffee.ca\/impressions-from-la-guaca\/#article\",\"isPartOf\":{\"@id\":\"https:\/\/cloudforestcoffee.ca\/impressions-from-la-guaca\/\"},\"author\":{\"name\":\"cloudforestcoffee\",\"@id\":\"https:\/\/cloudforestcoffee.ca\/#\/schema\/person\/c44a3d79a74a8ab111e3fadc471171b0\"},\"headline\":\"Impressions from La Guaca\",\"datePublished\":\"2015-01-31T23:45:40+00:00\",\"mainEntityOfPage\":{\"@id\":\"https:\/\/cloudforestcoffee.ca\/impressions-from-la-guaca\/\"},\"wordCount\":1154,\"publisher\":{\"@id\":\"https:\/\/cloudforestcoffee.ca\/#organization\"},\"image\":{\"@id\":\"https:\/\/cloudforestcoffee.ca\/impressions-from-la-guaca\/#primaryimage\"},\"thumbnailUrl\":\"https:\/\/cloudforestcoffee.ca\/wp-content\/uploads\/2015\/01\/DSCF8654.jpg\",\"articleSection\":[\"Blog Posts\"],\"inLanguage\":\"fr-CA\"},{\"@type\":\"WebPage\",\"@id\":\"https:\/\/cloudforestcoffee.ca\/impressions-from-la-guaca\/\",\"url\":\"https:\/\/cloudforestcoffee.ca\/impressions-from-la-guaca\/\",\"name\":\"Impressions from La Guaca - Cloud Forest Coffee\",\"isPartOf\":{\"@id\":\"https:\/\/cloudforestcoffee.ca\/#website\"},\"primaryImageOfPage\":{\"@id\":\"https:\/\/cloudforestcoffee.ca\/impressions-from-la-guaca\/#primaryimage\"},\"image\":{\"@id\":\"https:\/\/cloudforestcoffee.ca\/impressions-from-la-guaca\/#primaryimage\"},\"thumbnailUrl\":\"https:\/\/cloudforestcoffee.ca\/wp-content\/uploads\/2015\/01\/DSCF8654.jpg\",\"datePublished\":\"2015-01-31T23:45:40+00:00\",\"breadcrumb\":{\"@id\":\"https:\/\/cloudforestcoffee.ca\/impressions-from-la-guaca\/#breadcrumb\"},\"inLanguage\":\"fr-CA\",\"potentialAction\":[{\"@type\":\"ReadAction\",\"target\":[\"https:\/\/cloudforestcoffee.ca\/impressions-from-la-guaca\/\"]}]},{\"@type\":\"ImageObject\",\"inLanguage\":\"fr-CA\",\"@id\":\"https:\/\/cloudforestcoffee.ca\/impressions-from-la-guaca\/#primaryimage\",\"url\":\"https:\/\/cloudforestcoffee.ca\/wp-content\/uploads\/2015\/01\/DSCF8654.jpg\",\"contentUrl\":\"https:\/\/cloudforestcoffee.ca\/wp-content\/uploads\/2015\/01\/DSCF8654.jpg\",\"width\":1280,\"height\":960},{\"@type\":\"BreadcrumbList\",\"@id\":\"https:\/\/cloudforestcoffee.ca\/impressions-from-la-guaca\/#breadcrumb\",\"itemListElement\":[{\"@type\":\"ListItem\",\"position\":1,\"name\":\"Home\",\"item\":\"https:\/\/cloudforestcoffee.ca\/\"},{\"@type\":\"ListItem\",\"position\":2,\"name\":\"Impressions from La Guaca\"}]},{\"@type\":\"WebSite\",\"@id\":\"https:\/\/cloudforestcoffee.ca\/#website\",\"url\":\"https:\/\/cloudforestcoffee.ca\/\",\"name\":\"Cloud Forest Coffee\",\"description\":\"Home\",\"publisher\":{\"@id\":\"https:\/\/cloudforestcoffee.ca\/#organization\"},\"potentialAction\":[{\"@type\":\"SearchAction\",\"target\":{\"@type\":\"EntryPoint\",\"urlTemplate\":\"https:\/\/cloudforestcoffee.ca\/?s={search_term_string}\"},\"query-input\":{\"@type\":\"PropertyValueSpecification\",\"valueRequired\":true,\"valueName\":\"search_term_string\"}}],\"inLanguage\":\"fr-CA\"},{\"@type\":\"Organization\",\"@id\":\"https:\/\/cloudforestcoffee.ca\/#organization\",\"name\":\"CloudForest Coffee\",\"url\":\"https:\/\/cloudforestcoffee.ca\/\",\"logo\":{\"@type\":\"ImageObject\",\"inLanguage\":\"fr-CA\",\"@id\":\"https:\/\/cloudforestcoffee.ca\/#\/schema\/logo\/image\/\",\"url\":\"https:\/\/cloudforestcoffee.ca\/wp-content\/uploads\/2021\/04\/CLOUD-FOREST-BLACK-1.png\",\"contentUrl\":\"https:\/\/cloudforestcoffee.ca\/wp-content\/uploads\/2021\/04\/CLOUD-FOREST-BLACK-1.png\",\"width\":4556,\"height\":890,\"caption\":\"CloudForest Coffee\"},\"image\":{\"@id\":\"https:\/\/cloudforestcoffee.ca\/#\/schema\/logo\/image\/\"}},{\"@type\":\"Person\",\"@id\":\"https:\/\/cloudforestcoffee.ca\/#\/schema\/person\/c44a3d79a74a8ab111e3fadc471171b0\",\"name\":\"cloudforestcoffee\",\"image\":{\"@type\":\"ImageObject\",\"inLanguage\":\"fr-CA\",\"@id\":\"https:\/\/cloudforestcoffee.ca\/#\/schema\/person\/image\/\",\"url\":\"https:\/\/secure.gravatar.com\/avatar\/1f08d9005e7af7bd55f3e58c05b99d9ebe21b2ede79c2cc9dd542e620b897842?s=96&d=mm&r=g\",\"contentUrl\":\"https:\/\/secure.gravatar.com\/avatar\/1f08d9005e7af7bd55f3e58c05b99d9ebe21b2ede79c2cc9dd542e620b897842?s=96&d=mm&r=g\",\"caption\":\"cloudforestcoffee\"}}]}<\/script>\n<!-- \/ Yoast SEO plugin. -->","yoast_head_json":{"title":"Impressions from La Guaca - Cloud Forest Coffee","robots":{"index":"noindex","follow":"follow"},"og_locale":"fr_CA","og_type":"article","og_title":"Impressions from La Guaca - Cloud Forest Coffee","og_description":"This is a guest post from Marie! We arrived yesterday in Loja (pronounced Lo-ha), but with impressions from La Guaca still fresh in mind. We had a going away party, a despedida, on the 29th, our last day in the community, and all of the families who make up the coffee co-op joined together to [&hellip;]","og_url":"https:\/\/cloudforestcoffee.ca\/fr\/impressions-from-la-guaca\/","og_site_name":"Cloud Forest Coffee","article_published_time":"2015-01-31T23:45:40+00:00","og_image":[{"width":1280,"height":960,"url":"https:\/\/cloudforestcoffee.ca\/wp-content\/uploads\/2015\/01\/DSCF8654.jpg","type":"image\/jpeg"}],"author":"cloudforestcoffee","twitter_card":"summary_large_image","twitter_misc":{"\u00c9crit par":"cloudforestcoffee","Estimation du temps de lecture":"6 minutes"},"schema":{"@context":"https:\/\/schema.org","@graph":[{"@type":"Article","@id":"https:\/\/cloudforestcoffee.ca\/impressions-from-la-guaca\/#article","isPartOf":{"@id":"https:\/\/cloudforestcoffee.ca\/impressions-from-la-guaca\/"},"author":{"name":"cloudforestcoffee","@id":"https:\/\/cloudforestcoffee.ca\/#\/schema\/person\/c44a3d79a74a8ab111e3fadc471171b0"},"headline":"Impressions from La Guaca","datePublished":"2015-01-31T23:45:40+00:00","mainEntityOfPage":{"@id":"https:\/\/cloudforestcoffee.ca\/impressions-from-la-guaca\/"},"wordCount":1154,"publisher":{"@id":"https:\/\/cloudforestcoffee.ca\/#organization"},"image":{"@id":"https:\/\/cloudforestcoffee.ca\/impressions-from-la-guaca\/#primaryimage"},"thumbnailUrl":"https:\/\/cloudforestcoffee.ca\/wp-content\/uploads\/2015\/01\/DSCF8654.jpg","articleSection":["Blog Posts"],"inLanguage":"fr-CA"},{"@type":"WebPage","@id":"https:\/\/cloudforestcoffee.ca\/impressions-from-la-guaca\/","url":"https:\/\/cloudforestcoffee.ca\/impressions-from-la-guaca\/","name":"Impressions from La Guaca - Cloud Forest Coffee","isPartOf":{"@id":"https:\/\/cloudforestcoffee.ca\/#website"},"primaryImageOfPage":{"@id":"https:\/\/cloudforestcoffee.ca\/impressions-from-la-guaca\/#primaryimage"},"image":{"@id":"https:\/\/cloudforestcoffee.ca\/impressions-from-la-guaca\/#primaryimage"},"thumbnailUrl":"https:\/\/cloudforestcoffee.ca\/wp-content\/uploads\/2015\/01\/DSCF8654.jpg","datePublished":"2015-01-31T23:45:40+00:00","breadcrumb":{"@id":"https:\/\/cloudforestcoffee.ca\/impressions-from-la-guaca\/#breadcrumb"},"inLanguage":"fr-CA","potentialAction":[{"@type":"ReadAction","target":["https:\/\/cloudforestcoffee.ca\/impressions-from-la-guaca\/"]}]},{"@type":"ImageObject","inLanguage":"fr-CA","@id":"https:\/\/cloudforestcoffee.ca\/impressions-from-la-guaca\/#primaryimage","url":"https:\/\/cloudforestcoffee.ca\/wp-content\/uploads\/2015\/01\/DSCF8654.jpg","contentUrl":"https:\/\/cloudforestcoffee.ca\/wp-content\/uploads\/2015\/01\/DSCF8654.jpg","width":1280,"height":960},{"@type":"BreadcrumbList","@id":"https:\/\/cloudforestcoffee.ca\/impressions-from-la-guaca\/#breadcrumb","itemListElement":[{"@type":"ListItem","position":1,"name":"Home","item":"https:\/\/cloudforestcoffee.ca\/"},{"@type":"ListItem","position":2,"name":"Impressions from La Guaca"}]},{"@type":"WebSite","@id":"https:\/\/cloudforestcoffee.ca\/#website","url":"https:\/\/cloudforestcoffee.ca\/","name":"Caf\u00e9 CloudForest","description":"Maison","publisher":{"@id":"https:\/\/cloudforestcoffee.ca\/#organization"},"potentialAction":[{"@type":"SearchAction","target":{"@type":"EntryPoint","urlTemplate":"https:\/\/cloudforestcoffee.ca\/?s={search_term_string}"},"query-input":{"@type":"PropertyValueSpecification","valueRequired":true,"valueName":"search_term_string"}}],"inLanguage":"fr-CA"},{"@type":"Organization","@id":"https:\/\/cloudforestcoffee.ca\/#organization","name":"Caf\u00e9 CloudForest","url":"https:\/\/cloudforestcoffee.ca\/","logo":{"@type":"ImageObject","inLanguage":"fr-CA","@id":"https:\/\/cloudforestcoffee.ca\/#\/schema\/logo\/image\/","url":"https:\/\/cloudforestcoffee.ca\/wp-content\/uploads\/2021\/04\/CLOUD-FOREST-BLACK-1.png","contentUrl":"https:\/\/cloudforestcoffee.ca\/wp-content\/uploads\/2021\/04\/CLOUD-FOREST-BLACK-1.png","width":4556,"height":890,"caption":"CloudForest Coffee"},"image":{"@id":"https:\/\/cloudforestcoffee.ca\/#\/schema\/logo\/image\/"}},{"@type":"Person","@id":"https:\/\/cloudforestcoffee.ca\/#\/schema\/person\/c44a3d79a74a8ab111e3fadc471171b0","name":"caf\u00e9 de la for\u00eat nuageuse","image":{"@type":"ImageObject","inLanguage":"fr-CA","@id":"https:\/\/cloudforestcoffee.ca\/#\/schema\/person\/image\/","url":"https:\/\/secure.gravatar.com\/avatar\/1f08d9005e7af7bd55f3e58c05b99d9ebe21b2ede79c2cc9dd542e620b897842?s=96&d=mm&r=g","contentUrl":"https:\/\/secure.gravatar.com\/avatar\/1f08d9005e7af7bd55f3e58c05b99d9ebe21b2ede79c2cc9dd542e620b897842?s=96&d=mm&r=g","caption":"cloudforestcoffee"}}]}},"builder_content":"","_links":{"self":[{"href":"https:\/\/cloudforestcoffee.ca\/fr\/wp-json\/wp\/v2\/posts\/1119","targetHints":{"allow":["GET"]}}],"collection":[{"href":"https:\/\/cloudforestcoffee.ca\/fr\/wp-json\/wp\/v2\/posts"}],"about":[{"href":"https:\/\/cloudforestcoffee.ca\/fr\/wp-json\/wp\/v2\/types\/post"}],"author":[{"embeddable":true,"href":"https:\/\/cloudforestcoffee.ca\/fr\/wp-json\/wp\/v2\/users\/1"}],"replies":[{"embeddable":true,"href":"https:\/\/cloudforestcoffee.ca\/fr\/wp-json\/wp\/v2\/comments?post=1119"}],"version-history":[{"count":0,"href":"https:\/\/cloudforestcoffee.ca\/fr\/wp-json\/wp\/v2\/posts\/1119\/revisions"}],"wp:featuredmedia":[{"embeddable":true,"href":"https:\/\/cloudforestcoffee.ca\/fr\/wp-json\/wp\/v2\/media\/208"}],"wp:attachment":[{"href":"https:\/\/cloudforestcoffee.ca\/fr\/wp-json\/wp\/v2\/media?parent=1119"}],"wp:term":[{"taxonomy":"category","embeddable":true,"href":"https:\/\/cloudforestcoffee.ca\/fr\/wp-json\/wp\/v2\/categories?post=1119"},{"taxonomy":"post_tag","embeddable":true,"href":"https:\/\/cloudforestcoffee.ca\/fr\/wp-json\/wp\/v2\/tags?post=1119"}],"curies":[{"name":"wp","href":"https:\/\/api.w.org\/{rel}","templated":true}]}}