{"id":1120,"date":"2015-02-05T22:09:56","date_gmt":"2015-02-05T22:09:56","guid":{"rendered":"http:\/\/www.intagcoffee.com\/?p=217"},"modified":"2016-07-18T10:58:31","modified_gmt":"2016-07-18T10:58:31","slug":"touring-the-south-of-ecuador","status":"publish","type":"post","link":"https:\/\/cloudforestcoffee.ca\/fr\/touring-the-south-of-ecuador\/","title":{"rendered":"Visite du sud de l&#039;\u00c9quateur"},"content":{"rendered":"<p>Notre deuxi\u00e8me semaine \u00e0 El Airo a \u00e9t\u00e9 formidable, malgr\u00e9 la pluie quotidienne. Nous avons travaill\u00e9 avec Orfa, une agricultrice locale, pour d\u00e9sherber sa ferme et planter du caf\u00e9. Apr\u00e8s les plantations, elle nous a dit que nous pourrions revenir dans quelques ann\u00e9es pour r\u00e9colter le caf\u00e9 que nous avions plant\u00e9. Apr\u00e8s le travail, nous avons eu l&#039;occasion de nager dans une piscine naturelle du ruisseau avec des enfants de ma famille d&#039;accueil, Pedro et Victor. Perch\u00e9 juste sous une cascade, dans une partie de la for\u00eat primaire, c&#039;est un endroit vraiment magique.<\/p>\n<p style=\"text-align: center;\"><a href=\"http:\/\/www.intagcoffee.com\/wp-content\/uploads\/2015\/02\/DSC_3425.jpg\"><img loading=\"lazy\" decoding=\"async\" class=\"aligncenter size-thumbnail wp-image-222\" src=\"http:\/\/www.intagcoffee.com\/wp-content\/uploads\/2015\/02\/DSC_3425-150x150.jpg\" alt=\"DSC_3425\" width=\"150\" height=\"150\" srcset=\"https:\/\/cloudforestcoffee.ca\/wp-content\/uploads\/2015\/02\/DSC_3425-150x150.jpg 150w, https:\/\/cloudforestcoffee.ca\/wp-content\/uploads\/2015\/02\/DSC_3425-180x180.jpg 180w, https:\/\/cloudforestcoffee.ca\/wp-content\/uploads\/2015\/02\/DSC_3425-300x300.jpg 300w, https:\/\/cloudforestcoffee.ca\/wp-content\/uploads\/2015\/02\/DSC_3425-600x600.jpg 600w\" sizes=\"auto, (max-width: 150px) 100vw, 150px\" \/><\/a> <a href=\"http:\/\/www.intagcoffee.com\/wp-content\/uploads\/2015\/02\/DSC_3426.jpg\"><br \/>\n<\/a>D\u00e9sherber les petits plants de caf\u00e9<a href=\"http:\/\/www.intagcoffee.com\/wp-content\/uploads\/2015\/02\/DSC_3438.jpg\"><br \/>\n<\/a><\/p>\n<p style=\"text-align: center;\"><a href=\"http:\/\/www.intagcoffee.com\/wp-content\/uploads\/2015\/02\/DSC_3418.jpg\"><img loading=\"lazy\" decoding=\"async\" class=\"aligncenter size-thumbnail wp-image-219\" src=\"http:\/\/www.intagcoffee.com\/wp-content\/uploads\/2015\/02\/DSC_3418-150x150.jpg\" alt=\"DSC_3418\" width=\"150\" height=\"150\" \/><\/a><i>Pedro, Jaime et Victor<\/i><\/p>\n<p style=\"text-align: center;\"><a href=\"http:\/\/www.intagcoffee.com\/wp-content\/uploads\/2015\/02\/DSC_3426.jpg\"><img loading=\"lazy\" decoding=\"async\" class=\"aligncenter size-thumbnail wp-image-223\" src=\"http:\/\/www.intagcoffee.com\/wp-content\/uploads\/2015\/02\/DSC_3426-150x150.jpg\" alt=\"DSC_3426\" width=\"150\" height=\"150\" \/><\/a><\/p>\n<p style=\"text-align: center;\">\u00a0<em> J&#039;ai trouv\u00e9 vraiment chouette la fa\u00e7on dont le caf\u00e9ier pousse \u00e0 partir du grain. C&#039;est tellement parfait\u00a0!<\/em><\/p>\n<p>\u00a0 \u00a0Apr\u00e8s la baignade, nous avons cueilli d&#039;\u00e9normes bananes, que nous avons garnies de quelques m\u00fbres cueillies au bord du sentier. De retour chez ma famille d&#039;accueil, nous avons mang\u00e9 des mangues, \u00e9cout\u00e9 la chanson \u00ab\u00a0Bailando\u00a0\u00bb d&#039;Enrique Iglecias \u00e0 plusieurs reprises et fait une joyeuse soir\u00e9e dansante. Apr\u00e8s le d\u00eener, il a sorti un micro et a chant\u00e9, jou\u00e9 de la guitare et fait du beat boxing.<\/p>\n<p style=\"text-align: center;\">\u00a0<a href=\"http:\/\/www.intagcoffee.com\/wp-content\/uploads\/2015\/02\/DSC_3419.jpg\"><img loading=\"lazy\" decoding=\"async\" class=\"aligncenter size-thumbnail wp-image-226\" src=\"http:\/\/www.intagcoffee.com\/wp-content\/uploads\/2015\/02\/DSC_3419-150x150.jpg\" alt=\"DSC_3419\" width=\"150\" height=\"150\" srcset=\"https:\/\/cloudforestcoffee.ca\/wp-content\/uploads\/2015\/02\/DSC_3419-150x150.jpg 150w, https:\/\/cloudforestcoffee.ca\/wp-content\/uploads\/2015\/02\/DSC_3419-180x180.jpg 180w, https:\/\/cloudforestcoffee.ca\/wp-content\/uploads\/2015\/02\/DSC_3419-300x300.jpg 300w, https:\/\/cloudforestcoffee.ca\/wp-content\/uploads\/2015\/02\/DSC_3419-600x600.jpg 600w\" sizes=\"auto, (max-width: 150px) 100vw, 150px\" \/><\/a><em>Banane jumelle.<\/em><\/p>\n<p>\u00a0 \u00a0 Nous avons commenc\u00e9 la journ\u00e9e du lendemain par un caf\u00e9 au lait et un copieux petit-d\u00e9jeuner. Puis, notre guide local, L\u00e9nine, est arriv\u00e9 avec un cheval pour descendre jusqu&#039;\u00e0 la rivi\u00e8re. La premi\u00e8re fois que j&#039;ai essay\u00e9 de monter \u00e0 cheval, j&#039;ai \u00e9t\u00e9 repouss\u00e9 ! J&#039;avais un peu peur de remonter, mais j&#039;y suis parvenu et ce fut finalement tr\u00e8s amusant. Nous sommes descendus jusqu&#039;\u00e0 la rivi\u00e8re et avons profit\u00e9 du soleil un moment. Puis Marie est remont\u00e9e en ville. Apr\u00e8s le d\u00e9jeuner, je suis descendu \u00e0 cheval jusqu&#039;\u00e0 la ville suivante. Apr\u00e8s cela, nous avons d\u00e9pos\u00e9 le cheval chez son propri\u00e9taire et L\u00e9nine nous a ramen\u00e9s en ville sur sa moto. Il m&#039;a ensuite laiss\u00e9 conduire, et j&#039;ai fil\u00e9 un moment sur cette moto. J&#039;avais presque oubli\u00e9 comment conduire une moto, mais j&#039;ai vite repris le contr\u00f4le. Des enfants m&#039;ont demand\u00e9 si je voulais jouer au foot, et c&#039;est ce que j&#039;ai fait ! Quand il fait chaud en ville, les gar\u00e7ons remplissent des ballons et des seaux d&#039;eau et courent apr\u00e8s les filles. Pas si diff\u00e9rent de mes souvenirs de batailles d&#039;eau au Canada.<\/p>\n<p style=\"text-align: center;\">\u00a0<a href=\"http:\/\/www.intagcoffee.com\/wp-content\/uploads\/2015\/02\/DSC_3444.jpg\"><img loading=\"lazy\" decoding=\"async\" class=\"aligncenter size-thumbnail wp-image-225\" src=\"http:\/\/www.intagcoffee.com\/wp-content\/uploads\/2015\/02\/DSC_3444-150x150.jpg\" alt=\"DSC_3444\" width=\"150\" height=\"150\" \/><\/a>Apr\u00e8s m&#039;\u00eatre remis d&#039;avoir \u00e9t\u00e9 \u00e9ject\u00e9 !<\/p>\n<p style=\"text-align: center;\"><a href=\"http:\/\/www.intagcoffee.com\/wp-content\/uploads\/2015\/02\/DSC_3438.jpg\"><img loading=\"lazy\" decoding=\"async\" class=\"aligncenter size-thumbnail wp-image-224\" src=\"http:\/\/www.intagcoffee.com\/wp-content\/uploads\/2015\/02\/DSC_3438-150x150.jpg\" alt=\"DSC_3438\" width=\"150\" height=\"150\" srcset=\"https:\/\/cloudforestcoffee.ca\/wp-content\/uploads\/2015\/02\/DSC_3438-150x150.jpg 150w, https:\/\/cloudforestcoffee.ca\/wp-content\/uploads\/2015\/02\/DSC_3438-180x180.jpg 180w, https:\/\/cloudforestcoffee.ca\/wp-content\/uploads\/2015\/02\/DSC_3438-300x300.jpg 300w, https:\/\/cloudforestcoffee.ca\/wp-content\/uploads\/2015\/02\/DSC_3438-600x600.jpg 600w\" sizes=\"auto, (max-width: 150px) 100vw, 150px\" \/><\/a><\/p>\n<p style=\"text-align: center;\">\u00a0Le football avec les enfants.<\/p>\n<p style=\"text-align: center;\"><a href=\"http:\/\/www.intagcoffee.com\/wp-content\/uploads\/2015\/02\/DSC_3498.jpg\"><img loading=\"lazy\" decoding=\"async\" class=\"aligncenter size-thumbnail wp-image-227\" src=\"http:\/\/www.intagcoffee.com\/wp-content\/uploads\/2015\/02\/DSC_3498-150x150.jpg\" alt=\"DSC_3498\" width=\"150\" height=\"150\" \/><\/a>Marie de retour en selle.<\/p>\n<p style=\"text-align: left;\">\u00a0 \u00a0 \u00a0 \u00a0Nous avons quitt\u00e9 La Guaca, El Airo, au milieu de la nuit, car le seul bus part \u00e0 trois heures du matin. Partir au milieu de la nuit est parfois un peu d\u00e9stabilisant, mais c&#039;est comme \u00e7a. Nous sommes arriv\u00e9s \u00e0 Loja au matin et avons pris un copieux petit-d\u00e9jeuner \u00e0 la gare routi\u00e8re. Nous sommes ensuite all\u00e9s chez Andrea Alvarado, une femme que nous avions rencontr\u00e9e et chez qui nous avions r\u00e9serv\u00e9 une chambre gr\u00e2ce au site \u00ab\u00a0Couchsurfing\u00a0\u00bb. Nous sommes all\u00e9s manger des hamburgers et des frites avec du coca\u00a0! C&#039;est dr\u00f4le, c&#039;est ce dont nous avions envie apr\u00e8s dix jours de cuisine \u00e9quatorienne simple et saine. Nous avons ensuite pr\u00e9par\u00e9 le d\u00eener pour nos h\u00f4tes\u00a0: des spaghettis au vin en bouteille, un classique canadien. J&#039;ai ensuite jou\u00e9 de la guitare pour eux et ils ont \u00e9t\u00e9 tr\u00e8s gentils et ont applaudi chaque morceau que j&#039;ai jou\u00e9.<\/p>\n<p style=\"text-align: left;\">\u00a0 \u00a0 Ce soir-l\u00e0, nous sommes all\u00e9s voir un concert de salsa avec nos h\u00f4tes. C&#039;\u00e9tait un grand groupe de salsa dans une bo\u00eete de nuit chic. Nous avons dans\u00e9 la salsa jusqu&#039;au bout de la nuit avant de rentrer dormir. Nous avons vraiment appr\u00e9ci\u00e9 de pouvoir commencer chaque journ\u00e9e avec une montagne de fruits frais et de caf\u00e9. C&#039;\u00e9tait sp\u00e9cial et \u00e7a nous a aid\u00e9s \u00e0 nous sentir bien.<\/p>\n<p style=\"text-align: left;\">\u00a0 \u00a0 Nous sommes all\u00e9s \u00e0 Vilcabamba, la vall\u00e9e sacr\u00e9e, pour faire un peu de VTT. Le loueur de v\u00e9los, Chino, m&#039;a indiqu\u00e9 o\u00f9 trouver quelqu&#039;un \u00e0 la mairie de Loja qui pourrait me donner des contacts aupr\u00e8s d&#039;associations de caf\u00e9 bio et \u00e9quitable du Sud. Ensuite, nous sommes partis en balade \u00e0 v\u00e9lo, et c&#039;\u00e9tait magnifique. Le lendemain, j&#039;ai suivi le conseil de Chino et je suis all\u00e9 \u00e0 la mairie de Loja. Effectivement, ils m&#039;ont donn\u00e9 plein de contacts tr\u00e8s utiles si je voulais acheter du caf\u00e9. L&#039;exp\u00e9rience m&#039;a sembl\u00e9 si r\u00e9ussie qu&#039;elle donne envie de croire au destin. En un rien de temps, nous \u00e9tions dans un bus en direction d&#039;Olmedo, o\u00f9 plusieurs personnes m&#039;avaient dit qu&#039;on y trouvait le meilleur caf\u00e9 d&#039;\u00c9quateur.<\/p>\n<p style=\"text-align: center;\"><a href=\"http:\/\/www.intagcoffee.com\/wp-content\/uploads\/2015\/02\/DSC_3532.jpg\"><img loading=\"lazy\" decoding=\"async\" class=\"aligncenter size-thumbnail wp-image-228\" src=\"http:\/\/www.intagcoffee.com\/wp-content\/uploads\/2015\/02\/DSC_3532-150x150.jpg\" alt=\"DSC_3532\" width=\"150\" height=\"150\" srcset=\"https:\/\/cloudforestcoffee.ca\/wp-content\/uploads\/2015\/02\/DSC_3532-150x150.jpg 150w, https:\/\/cloudforestcoffee.ca\/wp-content\/uploads\/2015\/02\/DSC_3532-180x180.jpg 180w, https:\/\/cloudforestcoffee.ca\/wp-content\/uploads\/2015\/02\/DSC_3532-300x300.jpg 300w, https:\/\/cloudforestcoffee.ca\/wp-content\/uploads\/2015\/02\/DSC_3532-600x600.jpg 600w\" sizes=\"auto, (max-width: 150px) 100vw, 150px\" \/><\/a>Bonjour Olmedo !<\/p>\n<p style=\"text-align: left;\">\u00a0 \u00a0 Nous sommes arriv\u00e9s \u00e0 Olmedo sans vraiment savoir ce que nous allions faire. J&#039;avais le nom d&#039;un couple qui, para\u00eet-il, faisait un excellent caf\u00e9. Nous avons \u00e9t\u00e9 agr\u00e9ablement surpris lorsque la premi\u00e8re personne \u00e0 qui nous avons demand\u00e9 de l&#039;aide en ville a su exactement qui nous cherchions et a m\u00eame demand\u00e9 \u00e0 sa fille de nous indiquer o\u00f9 aller. La femme qui nous avait servi un excellent caf\u00e9, Elizabeth, \u00e9tait incroyablement gentille. Elle nous a accueillis et nous a offert du miel et du caf\u00e9. Puis elle nous a conduits \u00e0 l&#039;unique auberge de la ville, l&#039;Hospedaje Olmedo. Le propri\u00e9taire, Don Luis, \u00e9tait incroyablement gentil. Il a pris le temps de nous faire visiter la ville en voiture et de nous montrer quelques plantations de caf\u00e9. Il nous a \u00e9galement offert un petit-d\u00e9jeuner le matin de notre d\u00e9part. Nous avons mang\u00e9 et jou\u00e9 de la guitare avec sa famille pendant quelques heures et avons eu une conversation int\u00e9ressante. Si vous allez \u00e0 Olmedo, s\u00e9journez chez Don Luis\u00a0!<\/p>\n<p style=\"text-align: center;\"><a href=\"http:\/\/www.intagcoffee.com\/wp-content\/uploads\/2015\/02\/DSC_3582.jpg\"><img loading=\"lazy\" decoding=\"async\" class=\"aligncenter size-thumbnail wp-image-235\" src=\"http:\/\/www.intagcoffee.com\/wp-content\/uploads\/2015\/02\/DSC_3582-150x150.jpg\" alt=\"DSC_3582\" width=\"150\" height=\"150\" \/><\/a>La vue depuis l&#039;auberge<\/p>\n<p style=\"text-align: center;\"><a href=\"http:\/\/www.intagcoffee.com\/wp-content\/uploads\/2015\/02\/DSC_3581.jpg\"><img loading=\"lazy\" decoding=\"async\" class=\"aligncenter size-thumbnail wp-image-236\" src=\"http:\/\/www.intagcoffee.com\/wp-content\/uploads\/2015\/02\/DSC_3581-150x150.jpg\" alt=\"DSC_3581\" width=\"150\" height=\"150\" srcset=\"https:\/\/cloudforestcoffee.ca\/wp-content\/uploads\/2015\/02\/DSC_3581-150x150.jpg 150w, https:\/\/cloudforestcoffee.ca\/wp-content\/uploads\/2015\/02\/DSC_3581-180x180.jpg 180w, https:\/\/cloudforestcoffee.ca\/wp-content\/uploads\/2015\/02\/DSC_3581-300x300.jpg 300w, https:\/\/cloudforestcoffee.ca\/wp-content\/uploads\/2015\/02\/DSC_3581-600x600.jpg 600w\" sizes=\"auto, (max-width: 150px) 100vw, 150px\" \/><\/a>Don Luis avec son auberge \u00e0 Olmedo.<\/p>\n<p style=\"text-align: center;\"><a href=\"http:\/\/www.intagcoffee.com\/wp-content\/uploads\/2015\/02\/DSC_3578.jpg\"><img loading=\"lazy\" decoding=\"async\" class=\"aligncenter size-thumbnail wp-image-237\" src=\"http:\/\/www.intagcoffee.com\/wp-content\/uploads\/2015\/02\/DSC_3578-150x150.jpg\" alt=\"DSC_3578\" width=\"150\" height=\"150\" srcset=\"https:\/\/cloudforestcoffee.ca\/wp-content\/uploads\/2015\/02\/DSC_3578-150x150.jpg 150w, https:\/\/cloudforestcoffee.ca\/wp-content\/uploads\/2015\/02\/DSC_3578-180x180.jpg 180w, https:\/\/cloudforestcoffee.ca\/wp-content\/uploads\/2015\/02\/DSC_3578-300x300.jpg 300w, https:\/\/cloudforestcoffee.ca\/wp-content\/uploads\/2015\/02\/DSC_3578-600x600.jpg 600w\" sizes=\"auto, (max-width: 150px) 100vw, 150px\" \/><\/a>Marie et moi avec un caf\u00e9ier \u00e0 Olmedo.<\/p>\n<p style=\"text-align: left;\">\u00a0<a href=\"http:\/\/www.intagcoffee.com\/wp-content\/uploads\/2015\/02\/DSC_3541.jpg\"><img loading=\"lazy\" decoding=\"async\" class=\"aligncenter size-thumbnail wp-image-229\" src=\"http:\/\/www.intagcoffee.com\/wp-content\/uploads\/2015\/02\/DSC_3541-150x150.jpg\" alt=\"DSC_3541\" width=\"150\" height=\"150\" srcset=\"https:\/\/cloudforestcoffee.ca\/wp-content\/uploads\/2015\/02\/DSC_3541-150x150.jpg 150w, https:\/\/cloudforestcoffee.ca\/wp-content\/uploads\/2015\/02\/DSC_3541-180x180.jpg 180w, https:\/\/cloudforestcoffee.ca\/wp-content\/uploads\/2015\/02\/DSC_3541-300x300.jpg 300w, https:\/\/cloudforestcoffee.ca\/wp-content\/uploads\/2015\/02\/DSC_3541-600x600.jpg 600w\" sizes=\"auto, (max-width: 150px) 100vw, 150px\" \/><\/a><\/p>\n<p style=\"text-align: center;\"><em>C&#039;est une ferme de caf\u00e9 !\u00a0<\/em><\/p>\n<p style=\"text-align: left;\">\u00a0Le matin est arriv\u00e9 doucement et en douceur dans l&#039;agr\u00e9able ville d&#039;Olmedo. C&#039;\u00e9tait une journ\u00e9e ensoleill\u00e9e, nous avons pris un copieux petit-d\u00e9jeuner, puis sommes partis en randonn\u00e9e en montagne. Apr\u00e8s le d\u00e9jeuner, nous sommes all\u00e9s visiter la ferme d&#039;Elizabeth. C&#039;\u00e9tait magnifique, avec ses rang\u00e9es de caf\u00e9iers m\u00eal\u00e9es aux arbres. On aurait dit une for\u00eat plut\u00f4t qu&#039;une ferme. Ensuite, nous sommes all\u00e9s \u00e0 la piscine pour une baignade rafra\u00eechissante, avec son toboggan. De retour chez Elizabeth, elle nous a torr\u00e9fi\u00e9 du caf\u00e9 et pr\u00e9par\u00e9 des cappuccinos. Elle nous a \u00e9galement montr\u00e9 ses nombreuses ruches.<\/p>\n<p style=\"text-align: center;\"><a href=\"http:\/\/www.intagcoffee.com\/wp-content\/uploads\/2015\/02\/DSC_3547.jpg\"><img loading=\"lazy\" decoding=\"async\" class=\"aligncenter size-thumbnail wp-image-230\" src=\"http:\/\/www.intagcoffee.com\/wp-content\/uploads\/2015\/02\/DSC_3547-150x150.jpg\" alt=\"DSC_3547\" width=\"150\" height=\"150\" \/><\/a><em>Elizabeth dans sa ferme.<\/em><\/p>\n<p style=\"text-align: center;\"><a href=\"http:\/\/www.intagcoffee.com\/wp-content\/uploads\/2015\/02\/DSC_3551.jpg\"><img loading=\"lazy\" decoding=\"async\" class=\"aligncenter size-thumbnail wp-image-231\" src=\"http:\/\/www.intagcoffee.com\/wp-content\/uploads\/2015\/02\/DSC_3551-150x150.jpg\" alt=\"DSC_3551\" width=\"150\" height=\"150\" srcset=\"https:\/\/cloudforestcoffee.ca\/wp-content\/uploads\/2015\/02\/DSC_3551-150x150.jpg 150w, https:\/\/cloudforestcoffee.ca\/wp-content\/uploads\/2015\/02\/DSC_3551-180x180.jpg 180w, https:\/\/cloudforestcoffee.ca\/wp-content\/uploads\/2015\/02\/DSC_3551-300x300.jpg 300w, https:\/\/cloudforestcoffee.ca\/wp-content\/uploads\/2015\/02\/DSC_3551-600x600.jpg 600w\" sizes=\"auto, (max-width: 150px) 100vw, 150px\" \/><\/a>Caf\u00e9!<\/p>\n<p style=\"text-align: center;\"><a href=\"http:\/\/www.intagcoffee.com\/wp-content\/uploads\/2015\/02\/DSC_3552.jpg\"><img loading=\"lazy\" decoding=\"async\" class=\"aligncenter size-thumbnail wp-image-232\" src=\"http:\/\/www.intagcoffee.com\/wp-content\/uploads\/2015\/02\/DSC_3552-150x150.jpg\" alt=\"DSC_3552\" width=\"150\" height=\"150\" \/><\/a><em>Magnifique Olmedo !<\/em><\/p>\n<p style=\"text-align: left;\">Apr\u00e8s avoir quitt\u00e9 Olmedo, nous avons pris un camion pour la ville suivante, Chaguarpamba. J&#039;ai appel\u00e9 mon contact caf\u00e9 l\u00e0-bas, plus par hasard qu&#039;autre chose. Mais quelle joie ! La dame \u2013 Bionay Bravo Fernandez \u2013 nous a rapidement apport\u00e9 du caf\u00e9 avec du lait, du sucre et du sirop de canne. Elle m&#039;a ensuite expliqu\u00e9 tout ce que je devais savoir pour importer du caf\u00e9. D\u00e9bordante d&#039;\u00e9nergie, elle n&#039;arr\u00eatait pas de courir pour me montrer diff\u00e9rents types de caf\u00e9. Cette rencontre m&#039;a sembl\u00e9 d\u00e9cisive. Je suis vraiment reconnaissant d&#039;avoir pu rencontrer toutes ces personnes formidables et discuter avec elles. Elle m&#039;a offert en cadeau d&#039;adieu de la panela (sucre roux brut), une carte et un guide touristique. Voil\u00e0 pour nos aventures caf\u00e9in\u00e9es dans le sud de l&#039;\u00c9quateur. \u00c0 bient\u00f4t !<\/p>\n<p style=\"text-align: center;\">","protected":false},"excerpt":{"rendered":"<p>Notre deuxi\u00e8me semaine \u00e0 El Airo a \u00e9t\u00e9 formidable, malgr\u00e9 la pluie quotidienne. Nous avons travaill\u00e9 avec Orfa, une agricultrice locale, pour d\u00e9sherber sa ferme et planter du caf\u00e9. Apr\u00e8s les semis, elle nous a dit que nous pourrions revenir dans quelques ann\u00e9es pour r\u00e9colter le caf\u00e9 que nous [\u2026]<\/p>","protected":false},"author":1,"featured_media":1078,"comment_status":"closed","ping_status":"closed","sticky":false,"template":"","format":"standard","meta":{"footnotes":""},"categories":[8],"tags":[11,12,13],"class_list":["post-1120","post","type-post","status-publish","format-standard","has-post-thumbnail","hentry","category-blog-posts","tag-coffee","tag-loja","tag-olmedo","has-post-title","has-post-date","has-post-category","has-post-tag","has-post-comment","has-post-author",""],"yoast_head":"<!-- This site is optimized with the Yoast SEO plugin v26.5 - https:\/\/yoast.com\/wordpress\/plugins\/seo\/ -->\n<title>Touring the South of Ecuador - Cloud Forest Coffee<\/title>\n<meta name=\"robots\" content=\"noindex, follow\" \/>\n<meta property=\"og:locale\" content=\"fr_CA\" \/>\n<meta property=\"og:type\" content=\"article\" \/>\n<meta property=\"og:title\" content=\"Touring the South of Ecuador - Cloud Forest Coffee\" \/>\n<meta property=\"og:description\" content=\"Our second week in El Airo was great, despite the fact that it rained everyday.We worked with a local farmer woman called Orfa, doing some weeding on her farm and planting of coffee. After we finished planting she told us we could come back in a couple of years and harvest the coffee that we [&hellip;]\" \/>\n<meta property=\"og:url\" content=\"https:\/\/cloudforestcoffee.ca\/fr\/touring-the-south-of-ecuador\/\" \/>\n<meta property=\"og:site_name\" content=\"Cloud Forest Coffee\" \/>\n<meta property=\"article:published_time\" content=\"2015-02-05T22:09:56+00:00\" \/>\n<meta property=\"article:modified_time\" content=\"2016-07-18T10:58:31+00:00\" \/>\n<meta property=\"og:image\" content=\"https:\/\/cloudforestcoffee.ca\/wp-content\/uploads\/2015\/02\/DSC_3552.jpg\" \/>\n\t<meta property=\"og:image:width\" content=\"3872\" \/>\n\t<meta property=\"og:image:height\" content=\"2592\" \/>\n\t<meta property=\"og:image:type\" content=\"image\/jpeg\" \/>\n<meta name=\"author\" content=\"cloudforestcoffee\" \/>\n<meta name=\"twitter:card\" content=\"summary_large_image\" \/>\n<meta name=\"twitter:label1\" content=\"\u00c9crit par\" \/>\n\t<meta name=\"twitter:data1\" content=\"cloudforestcoffee\" \/>\n\t<meta name=\"twitter:label2\" content=\"Estimation du temps de lecture\" \/>\n\t<meta name=\"twitter:data2\" content=\"6 minutes\" \/>\n<script type=\"application\/ld+json\" class=\"yoast-schema-graph\">{\"@context\":\"https:\/\/schema.org\",\"@graph\":[{\"@type\":\"Article\",\"@id\":\"https:\/\/cloudforestcoffee.ca\/touring-the-south-of-ecuador\/#article\",\"isPartOf\":{\"@id\":\"https:\/\/cloudforestcoffee.ca\/touring-the-south-of-ecuador\/\"},\"author\":{\"name\":\"cloudforestcoffee\",\"@id\":\"https:\/\/cloudforestcoffee.ca\/#\/schema\/person\/c44a3d79a74a8ab111e3fadc471171b0\"},\"headline\":\"Touring the South of Ecuador\",\"datePublished\":\"2015-02-05T22:09:56+00:00\",\"dateModified\":\"2016-07-18T10:58:31+00:00\",\"mainEntityOfPage\":{\"@id\":\"https:\/\/cloudforestcoffee.ca\/touring-the-south-of-ecuador\/\"},\"wordCount\":1221,\"publisher\":{\"@id\":\"https:\/\/cloudforestcoffee.ca\/#organization\"},\"image\":{\"@id\":\"https:\/\/cloudforestcoffee.ca\/touring-the-south-of-ecuador\/#primaryimage\"},\"thumbnailUrl\":\"https:\/\/cloudforestcoffee.ca\/wp-content\/uploads\/2015\/02\/DSC_3552.jpg\",\"keywords\":[\"coffee\",\"Loja\",\"Olmedo\"],\"articleSection\":[\"Blog Posts\"],\"inLanguage\":\"fr-CA\"},{\"@type\":\"WebPage\",\"@id\":\"https:\/\/cloudforestcoffee.ca\/touring-the-south-of-ecuador\/\",\"url\":\"https:\/\/cloudforestcoffee.ca\/touring-the-south-of-ecuador\/\",\"name\":\"Touring the South of Ecuador - Cloud Forest Coffee\",\"isPartOf\":{\"@id\":\"https:\/\/cloudforestcoffee.ca\/#website\"},\"primaryImageOfPage\":{\"@id\":\"https:\/\/cloudforestcoffee.ca\/touring-the-south-of-ecuador\/#primaryimage\"},\"image\":{\"@id\":\"https:\/\/cloudforestcoffee.ca\/touring-the-south-of-ecuador\/#primaryimage\"},\"thumbnailUrl\":\"https:\/\/cloudforestcoffee.ca\/wp-content\/uploads\/2015\/02\/DSC_3552.jpg\",\"datePublished\":\"2015-02-05T22:09:56+00:00\",\"dateModified\":\"2016-07-18T10:58:31+00:00\",\"breadcrumb\":{\"@id\":\"https:\/\/cloudforestcoffee.ca\/touring-the-south-of-ecuador\/#breadcrumb\"},\"inLanguage\":\"fr-CA\",\"potentialAction\":[{\"@type\":\"ReadAction\",\"target\":[\"https:\/\/cloudforestcoffee.ca\/touring-the-south-of-ecuador\/\"]}]},{\"@type\":\"ImageObject\",\"inLanguage\":\"fr-CA\",\"@id\":\"https:\/\/cloudforestcoffee.ca\/touring-the-south-of-ecuador\/#primaryimage\",\"url\":\"https:\/\/cloudforestcoffee.ca\/wp-content\/uploads\/2015\/02\/DSC_3552.jpg\",\"contentUrl\":\"https:\/\/cloudforestcoffee.ca\/wp-content\/uploads\/2015\/02\/DSC_3552.jpg\",\"width\":3872,\"height\":2592},{\"@type\":\"BreadcrumbList\",\"@id\":\"https:\/\/cloudforestcoffee.ca\/touring-the-south-of-ecuador\/#breadcrumb\",\"itemListElement\":[{\"@type\":\"ListItem\",\"position\":1,\"name\":\"Home\",\"item\":\"https:\/\/cloudforestcoffee.ca\/\"},{\"@type\":\"ListItem\",\"position\":2,\"name\":\"Touring the South of Ecuador\"}]},{\"@type\":\"WebSite\",\"@id\":\"https:\/\/cloudforestcoffee.ca\/#website\",\"url\":\"https:\/\/cloudforestcoffee.ca\/\",\"name\":\"Cloud Forest Coffee\",\"description\":\"Home\",\"publisher\":{\"@id\":\"https:\/\/cloudforestcoffee.ca\/#organization\"},\"potentialAction\":[{\"@type\":\"SearchAction\",\"target\":{\"@type\":\"EntryPoint\",\"urlTemplate\":\"https:\/\/cloudforestcoffee.ca\/?s={search_term_string}\"},\"query-input\":{\"@type\":\"PropertyValueSpecification\",\"valueRequired\":true,\"valueName\":\"search_term_string\"}}],\"inLanguage\":\"fr-CA\"},{\"@type\":\"Organization\",\"@id\":\"https:\/\/cloudforestcoffee.ca\/#organization\",\"name\":\"CloudForest Coffee\",\"url\":\"https:\/\/cloudforestcoffee.ca\/\",\"logo\":{\"@type\":\"ImageObject\",\"inLanguage\":\"fr-CA\",\"@id\":\"https:\/\/cloudforestcoffee.ca\/#\/schema\/logo\/image\/\",\"url\":\"https:\/\/cloudforestcoffee.ca\/wp-content\/uploads\/2021\/04\/CLOUD-FOREST-BLACK-1.png\",\"contentUrl\":\"https:\/\/cloudforestcoffee.ca\/wp-content\/uploads\/2021\/04\/CLOUD-FOREST-BLACK-1.png\",\"width\":4556,\"height\":890,\"caption\":\"CloudForest Coffee\"},\"image\":{\"@id\":\"https:\/\/cloudforestcoffee.ca\/#\/schema\/logo\/image\/\"}},{\"@type\":\"Person\",\"@id\":\"https:\/\/cloudforestcoffee.ca\/#\/schema\/person\/c44a3d79a74a8ab111e3fadc471171b0\",\"name\":\"cloudforestcoffee\",\"image\":{\"@type\":\"ImageObject\",\"inLanguage\":\"fr-CA\",\"@id\":\"https:\/\/cloudforestcoffee.ca\/#\/schema\/person\/image\/\",\"url\":\"https:\/\/secure.gravatar.com\/avatar\/1f08d9005e7af7bd55f3e58c05b99d9ebe21b2ede79c2cc9dd542e620b897842?s=96&d=mm&r=g\",\"contentUrl\":\"https:\/\/secure.gravatar.com\/avatar\/1f08d9005e7af7bd55f3e58c05b99d9ebe21b2ede79c2cc9dd542e620b897842?s=96&d=mm&r=g\",\"caption\":\"cloudforestcoffee\"}}]}<\/script>\n<!-- \/ Yoast SEO plugin. -->","yoast_head_json":{"title":"Touring the South of Ecuador - Cloud Forest Coffee","robots":{"index":"noindex","follow":"follow"},"og_locale":"fr_CA","og_type":"article","og_title":"Touring the South of Ecuador - Cloud Forest Coffee","og_description":"Our second week in El Airo was great, despite the fact that it rained everyday.We worked with a local farmer woman called Orfa, doing some weeding on her farm and planting of coffee. After we finished planting she told us we could come back in a couple of years and harvest the coffee that we [&hellip;]","og_url":"https:\/\/cloudforestcoffee.ca\/fr\/touring-the-south-of-ecuador\/","og_site_name":"Cloud Forest Coffee","article_published_time":"2015-02-05T22:09:56+00:00","article_modified_time":"2016-07-18T10:58:31+00:00","og_image":[{"width":3872,"height":2592,"url":"https:\/\/cloudforestcoffee.ca\/wp-content\/uploads\/2015\/02\/DSC_3552.jpg","type":"image\/jpeg"}],"author":"cloudforestcoffee","twitter_card":"summary_large_image","twitter_misc":{"\u00c9crit par":"cloudforestcoffee","Estimation du temps de lecture":"6 minutes"},"schema":{"@context":"https:\/\/schema.org","@graph":[{"@type":"Article","@id":"https:\/\/cloudforestcoffee.ca\/touring-the-south-of-ecuador\/#article","isPartOf":{"@id":"https:\/\/cloudforestcoffee.ca\/touring-the-south-of-ecuador\/"},"author":{"name":"cloudforestcoffee","@id":"https:\/\/cloudforestcoffee.ca\/#\/schema\/person\/c44a3d79a74a8ab111e3fadc471171b0"},"headline":"Touring the South of Ecuador","datePublished":"2015-02-05T22:09:56+00:00","dateModified":"2016-07-18T10:58:31+00:00","mainEntityOfPage":{"@id":"https:\/\/cloudforestcoffee.ca\/touring-the-south-of-ecuador\/"},"wordCount":1221,"publisher":{"@id":"https:\/\/cloudforestcoffee.ca\/#organization"},"image":{"@id":"https:\/\/cloudforestcoffee.ca\/touring-the-south-of-ecuador\/#primaryimage"},"thumbnailUrl":"https:\/\/cloudforestcoffee.ca\/wp-content\/uploads\/2015\/02\/DSC_3552.jpg","keywords":["coffee","Loja","Olmedo"],"articleSection":["Blog Posts"],"inLanguage":"fr-CA"},{"@type":"WebPage","@id":"https:\/\/cloudforestcoffee.ca\/touring-the-south-of-ecuador\/","url":"https:\/\/cloudforestcoffee.ca\/touring-the-south-of-ecuador\/","name":"Touring the South of Ecuador - Cloud Forest Coffee","isPartOf":{"@id":"https:\/\/cloudforestcoffee.ca\/#website"},"primaryImageOfPage":{"@id":"https:\/\/cloudforestcoffee.ca\/touring-the-south-of-ecuador\/#primaryimage"},"image":{"@id":"https:\/\/cloudforestcoffee.ca\/touring-the-south-of-ecuador\/#primaryimage"},"thumbnailUrl":"https:\/\/cloudforestcoffee.ca\/wp-content\/uploads\/2015\/02\/DSC_3552.jpg","datePublished":"2015-02-05T22:09:56+00:00","dateModified":"2016-07-18T10:58:31+00:00","breadcrumb":{"@id":"https:\/\/cloudforestcoffee.ca\/touring-the-south-of-ecuador\/#breadcrumb"},"inLanguage":"fr-CA","potentialAction":[{"@type":"ReadAction","target":["https:\/\/cloudforestcoffee.ca\/touring-the-south-of-ecuador\/"]}]},{"@type":"ImageObject","inLanguage":"fr-CA","@id":"https:\/\/cloudforestcoffee.ca\/touring-the-south-of-ecuador\/#primaryimage","url":"https:\/\/cloudforestcoffee.ca\/wp-content\/uploads\/2015\/02\/DSC_3552.jpg","contentUrl":"https:\/\/cloudforestcoffee.ca\/wp-content\/uploads\/2015\/02\/DSC_3552.jpg","width":3872,"height":2592},{"@type":"BreadcrumbList","@id":"https:\/\/cloudforestcoffee.ca\/touring-the-south-of-ecuador\/#breadcrumb","itemListElement":[{"@type":"ListItem","position":1,"name":"Home","item":"https:\/\/cloudforestcoffee.ca\/"},{"@type":"ListItem","position":2,"name":"Touring the South of Ecuador"}]},{"@type":"WebSite","@id":"https:\/\/cloudforestcoffee.ca\/#website","url":"https:\/\/cloudforestcoffee.ca\/","name":"Caf\u00e9 CloudForest","description":"Maison","publisher":{"@id":"https:\/\/cloudforestcoffee.ca\/#organization"},"potentialAction":[{"@type":"SearchAction","target":{"@type":"EntryPoint","urlTemplate":"https:\/\/cloudforestcoffee.ca\/?s={search_term_string}"},"query-input":{"@type":"PropertyValueSpecification","valueRequired":true,"valueName":"search_term_string"}}],"inLanguage":"fr-CA"},{"@type":"Organization","@id":"https:\/\/cloudforestcoffee.ca\/#organization","name":"Caf\u00e9 CloudForest","url":"https:\/\/cloudforestcoffee.ca\/","logo":{"@type":"ImageObject","inLanguage":"fr-CA","@id":"https:\/\/cloudforestcoffee.ca\/#\/schema\/logo\/image\/","url":"https:\/\/cloudforestcoffee.ca\/wp-content\/uploads\/2021\/04\/CLOUD-FOREST-BLACK-1.png","contentUrl":"https:\/\/cloudforestcoffee.ca\/wp-content\/uploads\/2021\/04\/CLOUD-FOREST-BLACK-1.png","width":4556,"height":890,"caption":"CloudForest Coffee"},"image":{"@id":"https:\/\/cloudforestcoffee.ca\/#\/schema\/logo\/image\/"}},{"@type":"Person","@id":"https:\/\/cloudforestcoffee.ca\/#\/schema\/person\/c44a3d79a74a8ab111e3fadc471171b0","name":"caf\u00e9 de la for\u00eat nuageuse","image":{"@type":"ImageObject","inLanguage":"fr-CA","@id":"https:\/\/cloudforestcoffee.ca\/#\/schema\/person\/image\/","url":"https:\/\/secure.gravatar.com\/avatar\/1f08d9005e7af7bd55f3e58c05b99d9ebe21b2ede79c2cc9dd542e620b897842?s=96&d=mm&r=g","contentUrl":"https:\/\/secure.gravatar.com\/avatar\/1f08d9005e7af7bd55f3e58c05b99d9ebe21b2ede79c2cc9dd542e620b897842?s=96&d=mm&r=g","caption":"cloudforestcoffee"}}]}},"builder_content":"","_links":{"self":[{"href":"https:\/\/cloudforestcoffee.ca\/fr\/wp-json\/wp\/v2\/posts\/1120","targetHints":{"allow":["GET"]}}],"collection":[{"href":"https:\/\/cloudforestcoffee.ca\/fr\/wp-json\/wp\/v2\/posts"}],"about":[{"href":"https:\/\/cloudforestcoffee.ca\/fr\/wp-json\/wp\/v2\/types\/post"}],"author":[{"embeddable":true,"href":"https:\/\/cloudforestcoffee.ca\/fr\/wp-json\/wp\/v2\/users\/1"}],"replies":[{"embeddable":true,"href":"https:\/\/cloudforestcoffee.ca\/fr\/wp-json\/wp\/v2\/comments?post=1120"}],"version-history":[{"count":0,"href":"https:\/\/cloudforestcoffee.ca\/fr\/wp-json\/wp\/v2\/posts\/1120\/revisions"}],"wp:featuredmedia":[{"embeddable":true,"href":"https:\/\/cloudforestcoffee.ca\/fr\/wp-json\/wp\/v2\/media\/1078"}],"wp:attachment":[{"href":"https:\/\/cloudforestcoffee.ca\/fr\/wp-json\/wp\/v2\/media?parent=1120"}],"wp:term":[{"taxonomy":"category","embeddable":true,"href":"https:\/\/cloudforestcoffee.ca\/fr\/wp-json\/wp\/v2\/categories?post=1120"},{"taxonomy":"post_tag","embeddable":true,"href":"https:\/\/cloudforestcoffee.ca\/fr\/wp-json\/wp\/v2\/tags?post=1120"}],"curies":[{"name":"wp","href":"https:\/\/api.w.org\/{rel}","templated":true}]}}