{"id":1352,"date":"2017-01-25T16:33:52","date_gmt":"2017-01-25T16:33:52","guid":{"rendered":"https:\/\/cloudforestcoffee.ca\/?p=1352"},"modified":"2017-01-25T17:26:55","modified_gmt":"2017-01-25T17:26:55","slug":"test-post","status":"publish","type":"post","link":"https:\/\/cloudforestcoffee.ca\/fr\/test-post\/","title":{"rendered":"Descente dans la for\u00eat nuageuse"},"content":{"rendered":"<p>Nous sommes arriv\u00e9s \u00e0 Quito par une belle matin\u00e9e ensoleill\u00e9e apr\u00e8s 24 heures de voyage et quatre a\u00e9roports. Nous avons pass\u00e9 une agr\u00e9able journ\u00e9e \u00e0 visiter le centre historique, riche en architecture ancienne, t\u00e9moin de l&#039;histoire mouvement\u00e9e de la ville. Nous avons fl\u00e2n\u00e9 dans la ville, visit\u00e9 plusieurs parcs et fait des arr\u00eats de temps en temps pour acheter des jus de fruits frais et des en-cas aux vendeurs ambulants. L&#039;apr\u00e8s-midi, nous avons pris un bus pour Otavalo.<\/p>\n<p>\u00c0 notre arriv\u00e9e, nous avons contact\u00e9 Lionel, propri\u00e9taire d&#039;une ferme o\u00f9 nous allions passer les deux jours suivants. Son g\u00eete nous avait \u00e9t\u00e9 recommand\u00e9 par un ami et, d\u00e8s notre arriv\u00e9e, nous avons compris pourquoi. Il poss\u00e8de une cabane perch\u00e9e \u00e0 flanc de colline dans le village de Pucara, surplombant la petite ville de Cotocachi et offrant une vue sur plusieurs volcans, dont l&#039;Imbabura. Il poss\u00e8de des lamas, des poules et des lapins, ainsi qu&#039;une ferme o\u00f9 il cultive du quinoa bio.<\/p>\n<p>Le lendemain, nous avons retrouv\u00e9 Ivan, qui coordonnait notre trek planifi\u00e9 ces derni\u00e8res semaines. Il nous a emmen\u00e9s chez lui \u00e0 Otavalo o\u00f9 nous avons \u00e9t\u00e9 \u00e9quip\u00e9s de bottes de pluie et de ponchos, car nous prenions la direction des montagnes et la pluie \u00e9tait in\u00e9vitable. Nous avons fait du yoga et nous sommes couch\u00e9s t\u00f4t pour nous pr\u00e9parer \u00e0 ce qui s&#039;annon\u00e7ait comme un d\u00e9but de randonn\u00e9e difficile le lendemain.<\/p>\n<p><img loading=\"lazy\" decoding=\"async\" class=\"alignnone size-thumbnail wp-image-1357\" src=\"https:\/\/cloudforestcoffee.ca\/wp-content\/uploads\/2017\/01\/229-150x150.jpg\" alt=\"229\" width=\"150\" height=\"150\" srcset=\"https:\/\/cloudforestcoffee.ca\/wp-content\/uploads\/2017\/01\/229-150x150.jpg 150w, https:\/\/cloudforestcoffee.ca\/wp-content\/uploads\/2017\/01\/229-300x300.jpg 300w, https:\/\/cloudforestcoffee.ca\/wp-content\/uploads\/2017\/01\/229-100x100.jpg 100w\" sizes=\"auto, (max-width: 150px) 100vw, 150px\" \/><\/p>\n<p>Le lendemain matin, nous nous sommes r\u00e9veill\u00e9s \u00e0 5 heures pour partir en randonn\u00e9e. Nous esp\u00e9rions \u00e9viter la pluie en profitant du ciel clair. Malheureusement, il pleuvait d\u00e9j\u00e0 \u00e0 notre r\u00e9veil. Apr\u00e8s avoir pris notre petit-d\u00e9jeuner, charg\u00e9 le Toyota Land Cruiser d&#039;Ivan et pris la route de Pucara jusqu&#039;\u00e0 notre point de d\u00e9part. En nous conduisant dans les montagnes, Ivan nous a expliqu\u00e9 le d\u00e9roulement de notre randonn\u00e9e. Nous commencerions au d\u00e9but du Paramo, un \u00e9cosyst\u00e8me des hautes montagnes andines o\u00f9 aucun arbre ne pousse et o\u00f9 la v\u00e9g\u00e9tation se r\u00e9sume \u00e0 des arbustes et de l&#039;herbe. Nous grimperions en haute montagne jusqu&#039;\u00e0 4\u00a0100 m\u00e8tres d&#039;altitude, point culminant du col que nous traversions. De l\u00e0, nous descendrions jusqu&#039;au village de Pinan, situ\u00e9 \u00e0 3\u00a0200 m\u00e8tres d&#039;altitude. Ensuite, nous entamerions la descente dans la for\u00eat de nuages, puis dans la jungle subtropicale.<\/p>\n<p><img loading=\"lazy\" decoding=\"async\" class=\"alignnone size-thumbnail wp-image-1356\" src=\"https:\/\/cloudforestcoffee.ca\/wp-content\/uploads\/2017\/01\/223-150x150.jpg\" alt=\"223\" width=\"150\" height=\"150\" srcset=\"https:\/\/cloudforestcoffee.ca\/wp-content\/uploads\/2017\/01\/223-150x150.jpg 150w, https:\/\/cloudforestcoffee.ca\/wp-content\/uploads\/2017\/01\/223-300x300.jpg 300w, https:\/\/cloudforestcoffee.ca\/wp-content\/uploads\/2017\/01\/223-100x100.jpg 100w\" sizes=\"auto, (max-width: 150px) 100vw, 150px\" \/><\/p>\n<p>Nous avons grimp\u00e9 dans les montagnes aussi loin que possible et avons atteint un point o\u00f9 la route ne s&#039;\u00e9tendait plus. C&#039;\u00e9tait aux alentours d&#039;Urcuqui, o\u00f9 nous avons retrouv\u00e9 notre guide de voyage\u00a0: Luis Alfredo. Nous avons commenc\u00e9 \u00e0 gravir le sentier de montagne, avec trois chevaux et nous-m\u00eames en t\u00eate. Deux chevaux nous servaient de bagages, le troisi\u00e8me \u00e9tait en cas d&#039;urgence. Environ une heure apr\u00e8s le d\u00e9but de la randonn\u00e9e, une pluie torrentielle s&#039;est mise \u00e0 tomber. Nous \u00e9tions \u00e9quip\u00e9s\u00a0: bottes de pluie, pantalons imperm\u00e9ables, vestes de pluie et ponchos. Nous avons continu\u00e9 notre randonn\u00e9e en altitude, dans le paramo, un paysage rude mais magnifique, souvent humide et toujours froid. Nous avons mang\u00e9 sous la pluie, engloutissant un rapide d\u00e9jeuner de p\u00e2tes avant de poursuivre notre route. Il pleuvait toujours\u00a0; nous d\u00e9couvririons plus tard que c&#039;\u00e9tait le pire temps que notre guide ait jamais connu en tant que guide de groupe. Nous avons commenc\u00e9 \u00e0 descendre du paramo, glissant et glissant dans l&#039;herbe mouill\u00e9e et la boue. Nous avons d\u00fb traverser des rivi\u00e8res, ce que nous avons fait \u00e0 cheval, une par une. \u00c0 mesure que la journ\u00e9e avan\u00e7ait, la pluie devenait un d\u00e9fi, nous \u00e9tions tremp\u00e9s et gel\u00e9s. Nous sommes finalement arriv\u00e9s \u00e0 Pinan apr\u00e8s 30 km de randonn\u00e9e \u00e0 travers les montagnes. Quelques jeunes femmes nous ont accueillis \u00e0 l&#039;entr\u00e9e du village. Pinan est un village unique en son genre, diff\u00e9rent de tous ceux que j&#039;ai visit\u00e9s. Toutes les maisons sont en adobe et leurs toits de chaume sont faits de paramo. Le village de Pinan est situ\u00e9 sur une hacienda, un syst\u00e8me de plantation espagnol qui impliquait g\u00e9n\u00e9ralement un riche propri\u00e9taire espagnol et des travailleurs autochtones, plus ou moins esclaves, pour travailler les champs. L&#039;hacienda s&#039;\u00e9tendait alors sur 35\u00a0000 hectares, une immense \u00e9tendue de terre. Les anciens cultivateurs \u00e9taient autoris\u00e9s \u00e0 y construire leurs propres maisons, et c&#039;est ainsi que le village de Pinan est n\u00e9. Cependant, toutes ces ann\u00e9es plus tard, les descendants de ces travailleurs y vivent toujours, mais ils ne sont pas autoris\u00e9s \u00e0 cultiver, \u00e0 \u00e9lever du b\u00e9tail ou m\u00eame \u00e0 r\u00e9nover leurs maisons. En effet, la terre appartient enti\u00e8rement \u00e0 un riche propri\u00e9taire d&#039;hacienda vivant \u00e0 Quito et qui ne souhaite pas la partager avec la communaut\u00e9. Pour compliquer encore les choses, la zone se trouve d\u00e9sormais \u00e9galement dans les limites du Parc National Cotocachi-Cayambe.<\/p>\n<p><img loading=\"lazy\" decoding=\"async\" class=\"alignnone size-thumbnail wp-image-1354\" src=\"https:\/\/cloudforestcoffee.ca\/wp-content\/uploads\/2017\/01\/002-150x150.jpg\" alt=\"002\" width=\"150\" height=\"150\" srcset=\"https:\/\/cloudforestcoffee.ca\/wp-content\/uploads\/2017\/01\/002-150x150.jpg 150w, https:\/\/cloudforestcoffee.ca\/wp-content\/uploads\/2017\/01\/002-300x300.jpg 300w, https:\/\/cloudforestcoffee.ca\/wp-content\/uploads\/2017\/01\/002-100x100.jpg 100w\" sizes=\"auto, (max-width: 150px) 100vw, 150px\" \/><\/p>\n<p>En r\u00e9sum\u00e9, les habitants de la ville vivent dans l&#039;incertitude, incapables de travailler, sauf en cherchant du travail ailleurs ou en recevant des touristes. Tout cela est d\u00fb \u00e0 la cupidit\u00e9 d&#039;un propri\u00e9taire d&#039;hacienda et \u00e0 un gouvernement qui ne se soucie pas d&#039;eux. J&#039;ai demand\u00e9 \u00e0 notre guide si quelqu&#039;un souffrait de la faim \u00e0 cause de cette situation\u00a0; il m&#039;a r\u00e9pondu que malheureusement, c&#039;\u00e9tait le cas. De son c\u00f4t\u00e9, le propri\u00e9taire de l&#039;hacienda est pr\u00eat \u00e0 vendre la totalit\u00e9 du terrain pour 1400\u00a00 ...<\/p>\n<p>Nous sommes arriv\u00e9s au refuge o\u00f9 nous allions s\u00e9journer \u00e0 Pinan. C&#039;est un tr\u00e8s beau et grand b\u00e2timent, avec chemin\u00e9e et cuisine. Apr\u00e8s avoir enfil\u00e9 des v\u00eatements secs et d\u00een\u00e9, nous nous sommes couch\u00e9s t\u00f4t, \u00e9puis\u00e9s par cette longue journ\u00e9e.<\/p>\n<p>Le matin, nous avons visit\u00e9 l&#039;\u00e9cole, qui accueille une soixantaine d&#039;enfants. Nous avons improvis\u00e9 un cours d&#039;anglais, et ils semblaient tous heureux et d\u00e9sireux d&#039;apprendre. Nous avons ensuite pass\u00e9 une journ\u00e9e de d\u00e9tente \u00e0 jouer aux cartes et \u00e0 boire un caf\u00e9. Nous sommes all\u00e9s nous promener et admirer le coucher de soleil sur les montagnes. Nous avons d\u00een\u00e9 au coin du feu, et Luis et moi avons partag\u00e9 quelques bi\u00e8res et discut\u00e9 jusqu&#039;au bout de la nuit.<\/p>\n<p><img loading=\"lazy\" decoding=\"async\" class=\"alignnone size-thumbnail wp-image-1355\" src=\"https:\/\/cloudforestcoffee.ca\/wp-content\/uploads\/2017\/01\/015-150x150.jpg\" alt=\"015\" width=\"150\" height=\"150\" srcset=\"https:\/\/cloudforestcoffee.ca\/wp-content\/uploads\/2017\/01\/015-150x150.jpg 150w, https:\/\/cloudforestcoffee.ca\/wp-content\/uploads\/2017\/01\/015-300x300.jpg 300w, https:\/\/cloudforestcoffee.ca\/wp-content\/uploads\/2017\/01\/015-100x100.jpg 100w\" sizes=\"auto, (max-width: 150px) 100vw, 150px\" \/><\/p>\n<p>Nous avons eu la chance d&#039;\u00eatre accueillis par un ciel bleu cristallin et un soleil radieux le lendemain. Durant cette partie du voyage, nous avons pu monter \u00e0 cheval dans les montagnes. Nous avons eu une vue magnifique sur le volcan Cotocachi, ainsi que sur le Pichincha et le Cotopaxi. \u00c0 un moment donn\u00e9, la descente \u00e9tait trop raide et nous avons d\u00fb descendre de cheval et marcher. C&#039;est \u00e0 pied que nous sommes arriv\u00e9s dans la r\u00e9gion de la for\u00eat de nuages, la magnifique vall\u00e9e d&#039;Intag. Ivan est venu nous chercher et nous a h\u00e9berg\u00e9s dans sa plantation de caf\u00e9 \u00e0 Cuellaje, Intag. Quel bonheur d&#039;\u00eatre de retour !<\/p>\n<p><img loading=\"lazy\" decoding=\"async\" class=\"alignnone size-thumbnail wp-image-1358\" src=\"https:\/\/cloudforestcoffee.ca\/wp-content\/uploads\/2017\/01\/055-150x150.jpg\" alt=\"055\" width=\"150\" height=\"150\" srcset=\"https:\/\/cloudforestcoffee.ca\/wp-content\/uploads\/2017\/01\/055-150x150.jpg 150w, https:\/\/cloudforestcoffee.ca\/wp-content\/uploads\/2017\/01\/055-300x300.jpg 300w, https:\/\/cloudforestcoffee.ca\/wp-content\/uploads\/2017\/01\/055-100x100.jpg 100w\" sizes=\"auto, (max-width: 150px) 100vw, 150px\" \/><\/p>\n<p>&nbsp;<\/p>","protected":false},"excerpt":{"rendered":"<p>Nous sommes arriv\u00e9s \u00e0 Quito par une belle matin\u00e9e ensoleill\u00e9e, apr\u00e8s 24 heures de voyage et quatre a\u00e9roports visit\u00e9s. Nous avons pass\u00e9 une agr\u00e9able journ\u00e9e \u00e0 Quito, visitant le centre historique, dont l&#039;architecture ancienne t\u00e9moigne de l&#039;histoire mouvement\u00e9e de la ville. Nous avons fl\u00e2n\u00e9 dans la ville, visit\u00e9 plusieurs parcs, nous arr\u00eatant [\u2026]<\/p>","protected":false},"author":1,"featured_media":1354,"comment_status":"closed","ping_status":"open","sticky":false,"template":"","format":"standard","meta":{"footnotes":""},"categories":[8,6,1],"tags":[],"class_list":["post-1352","post","type-post","status-publish","format-standard","has-post-thumbnail","hentry","category-blog-posts","category-standard-blog","category-uncategorized","has-post-title","has-post-date","has-post-category","has-post-tag","has-post-comment","has-post-author",""],"yoast_head":"<!-- This site is optimized with the Yoast SEO plugin v26.5 - https:\/\/yoast.com\/wordpress\/plugins\/seo\/ -->\n<title>Descending into the Cloud Forest - Cloud Forest Coffee<\/title>\n<meta name=\"robots\" content=\"noindex, follow\" \/>\n<meta property=\"og:locale\" content=\"fr_CA\" \/>\n<meta property=\"og:type\" content=\"article\" \/>\n<meta property=\"og:title\" content=\"Descending into the Cloud Forest - Cloud Forest Coffee\" \/>\n<meta property=\"og:description\" content=\"We arrived in Quito to a beautiful sunny morning after 24 hours of travel time and having visited 4 airports. We spent a nice day in Quito visiting the Centro Historico, which is full of ancient architecture hinting at the colourful history of the city. We walked around the city, visiting several parks, stopping from [&hellip;]\" \/>\n<meta property=\"og:url\" content=\"https:\/\/cloudforestcoffee.ca\/fr\/test-post\/\" \/>\n<meta property=\"og:site_name\" content=\"Cloud Forest Coffee\" \/>\n<meta property=\"article:published_time\" content=\"2017-01-25T16:33:52+00:00\" \/>\n<meta property=\"article:modified_time\" content=\"2017-01-25T17:26:55+00:00\" \/>\n<meta property=\"og:image\" content=\"https:\/\/cloudforestcoffee.ca\/wp-content\/uploads\/2017\/01\/002-scaled.jpg\" \/>\n\t<meta property=\"og:image:width\" content=\"2560\" \/>\n\t<meta property=\"og:image:height\" content=\"1714\" \/>\n\t<meta property=\"og:image:type\" content=\"image\/jpeg\" \/>\n<meta name=\"author\" content=\"cloudforestcoffee\" \/>\n<meta name=\"twitter:card\" content=\"summary_large_image\" \/>\n<meta name=\"twitter:label1\" content=\"\u00c9crit par\" \/>\n\t<meta name=\"twitter:data1\" content=\"cloudforestcoffee\" \/>\n\t<meta name=\"twitter:label2\" content=\"Estimation du temps de lecture\" \/>\n\t<meta name=\"twitter:data2\" content=\"6 minutes\" \/>\n<script type=\"application\/ld+json\" class=\"yoast-schema-graph\">{\"@context\":\"https:\/\/schema.org\",\"@graph\":[{\"@type\":\"Article\",\"@id\":\"https:\/\/cloudforestcoffee.ca\/test-post\/#article\",\"isPartOf\":{\"@id\":\"https:\/\/cloudforestcoffee.ca\/test-post\/\"},\"author\":{\"name\":\"cloudforestcoffee\",\"@id\":\"https:\/\/cloudforestcoffee.ca\/#\/schema\/person\/c44a3d79a74a8ab111e3fadc471171b0\"},\"headline\":\"Descending into the Cloud Forest\",\"datePublished\":\"2017-01-25T16:33:52+00:00\",\"dateModified\":\"2017-01-25T17:26:55+00:00\",\"mainEntityOfPage\":{\"@id\":\"https:\/\/cloudforestcoffee.ca\/test-post\/\"},\"wordCount\":1149,\"publisher\":{\"@id\":\"https:\/\/cloudforestcoffee.ca\/#organization\"},\"image\":{\"@id\":\"https:\/\/cloudforestcoffee.ca\/test-post\/#primaryimage\"},\"thumbnailUrl\":\"https:\/\/cloudforestcoffee.ca\/wp-content\/uploads\/2017\/01\/002-scaled.jpg\",\"articleSection\":[\"Blog Posts\",\"Standard Blog\",\"Uncategorized\"],\"inLanguage\":\"fr-CA\"},{\"@type\":\"WebPage\",\"@id\":\"https:\/\/cloudforestcoffee.ca\/test-post\/\",\"url\":\"https:\/\/cloudforestcoffee.ca\/test-post\/\",\"name\":\"Descending into the Cloud Forest - Cloud Forest Coffee\",\"isPartOf\":{\"@id\":\"https:\/\/cloudforestcoffee.ca\/#website\"},\"primaryImageOfPage\":{\"@id\":\"https:\/\/cloudforestcoffee.ca\/test-post\/#primaryimage\"},\"image\":{\"@id\":\"https:\/\/cloudforestcoffee.ca\/test-post\/#primaryimage\"},\"thumbnailUrl\":\"https:\/\/cloudforestcoffee.ca\/wp-content\/uploads\/2017\/01\/002-scaled.jpg\",\"datePublished\":\"2017-01-25T16:33:52+00:00\",\"dateModified\":\"2017-01-25T17:26:55+00:00\",\"breadcrumb\":{\"@id\":\"https:\/\/cloudforestcoffee.ca\/test-post\/#breadcrumb\"},\"inLanguage\":\"fr-CA\",\"potentialAction\":[{\"@type\":\"ReadAction\",\"target\":[\"https:\/\/cloudforestcoffee.ca\/test-post\/\"]}]},{\"@type\":\"ImageObject\",\"inLanguage\":\"fr-CA\",\"@id\":\"https:\/\/cloudforestcoffee.ca\/test-post\/#primaryimage\",\"url\":\"https:\/\/cloudforestcoffee.ca\/wp-content\/uploads\/2017\/01\/002-scaled.jpg\",\"contentUrl\":\"https:\/\/cloudforestcoffee.ca\/wp-content\/uploads\/2017\/01\/002-scaled.jpg\",\"width\":2560,\"height\":1714},{\"@type\":\"BreadcrumbList\",\"@id\":\"https:\/\/cloudforestcoffee.ca\/test-post\/#breadcrumb\",\"itemListElement\":[{\"@type\":\"ListItem\",\"position\":1,\"name\":\"Home\",\"item\":\"https:\/\/cloudforestcoffee.ca\/\"},{\"@type\":\"ListItem\",\"position\":2,\"name\":\"Descending into the Cloud Forest\"}]},{\"@type\":\"WebSite\",\"@id\":\"https:\/\/cloudforestcoffee.ca\/#website\",\"url\":\"https:\/\/cloudforestcoffee.ca\/\",\"name\":\"Cloud Forest Coffee\",\"description\":\"Home\",\"publisher\":{\"@id\":\"https:\/\/cloudforestcoffee.ca\/#organization\"},\"potentialAction\":[{\"@type\":\"SearchAction\",\"target\":{\"@type\":\"EntryPoint\",\"urlTemplate\":\"https:\/\/cloudforestcoffee.ca\/?s={search_term_string}\"},\"query-input\":{\"@type\":\"PropertyValueSpecification\",\"valueRequired\":true,\"valueName\":\"search_term_string\"}}],\"inLanguage\":\"fr-CA\"},{\"@type\":\"Organization\",\"@id\":\"https:\/\/cloudforestcoffee.ca\/#organization\",\"name\":\"CloudForest Coffee\",\"url\":\"https:\/\/cloudforestcoffee.ca\/\",\"logo\":{\"@type\":\"ImageObject\",\"inLanguage\":\"fr-CA\",\"@id\":\"https:\/\/cloudforestcoffee.ca\/#\/schema\/logo\/image\/\",\"url\":\"https:\/\/cloudforestcoffee.ca\/wp-content\/uploads\/2021\/04\/CLOUD-FOREST-BLACK-1.png\",\"contentUrl\":\"https:\/\/cloudforestcoffee.ca\/wp-content\/uploads\/2021\/04\/CLOUD-FOREST-BLACK-1.png\",\"width\":4556,\"height\":890,\"caption\":\"CloudForest Coffee\"},\"image\":{\"@id\":\"https:\/\/cloudforestcoffee.ca\/#\/schema\/logo\/image\/\"}},{\"@type\":\"Person\",\"@id\":\"https:\/\/cloudforestcoffee.ca\/#\/schema\/person\/c44a3d79a74a8ab111e3fadc471171b0\",\"name\":\"cloudforestcoffee\",\"image\":{\"@type\":\"ImageObject\",\"inLanguage\":\"fr-CA\",\"@id\":\"https:\/\/cloudforestcoffee.ca\/#\/schema\/person\/image\/\",\"url\":\"https:\/\/secure.gravatar.com\/avatar\/1f08d9005e7af7bd55f3e58c05b99d9ebe21b2ede79c2cc9dd542e620b897842?s=96&d=mm&r=g\",\"contentUrl\":\"https:\/\/secure.gravatar.com\/avatar\/1f08d9005e7af7bd55f3e58c05b99d9ebe21b2ede79c2cc9dd542e620b897842?s=96&d=mm&r=g\",\"caption\":\"cloudforestcoffee\"}}]}<\/script>\n<!-- \/ Yoast SEO plugin. -->","yoast_head_json":{"title":"Descending into the Cloud Forest - Cloud Forest Coffee","robots":{"index":"noindex","follow":"follow"},"og_locale":"fr_CA","og_type":"article","og_title":"Descending into the Cloud Forest - Cloud Forest Coffee","og_description":"We arrived in Quito to a beautiful sunny morning after 24 hours of travel time and having visited 4 airports. We spent a nice day in Quito visiting the Centro Historico, which is full of ancient architecture hinting at the colourful history of the city. We walked around the city, visiting several parks, stopping from [&hellip;]","og_url":"https:\/\/cloudforestcoffee.ca\/fr\/test-post\/","og_site_name":"Cloud Forest Coffee","article_published_time":"2017-01-25T16:33:52+00:00","article_modified_time":"2017-01-25T17:26:55+00:00","og_image":[{"width":2560,"height":1714,"url":"https:\/\/cloudforestcoffee.ca\/wp-content\/uploads\/2017\/01\/002-scaled.jpg","type":"image\/jpeg"}],"author":"cloudforestcoffee","twitter_card":"summary_large_image","twitter_misc":{"\u00c9crit par":"cloudforestcoffee","Estimation du temps de lecture":"6 minutes"},"schema":{"@context":"https:\/\/schema.org","@graph":[{"@type":"Article","@id":"https:\/\/cloudforestcoffee.ca\/test-post\/#article","isPartOf":{"@id":"https:\/\/cloudforestcoffee.ca\/test-post\/"},"author":{"name":"cloudforestcoffee","@id":"https:\/\/cloudforestcoffee.ca\/#\/schema\/person\/c44a3d79a74a8ab111e3fadc471171b0"},"headline":"Descending into the Cloud Forest","datePublished":"2017-01-25T16:33:52+00:00","dateModified":"2017-01-25T17:26:55+00:00","mainEntityOfPage":{"@id":"https:\/\/cloudforestcoffee.ca\/test-post\/"},"wordCount":1149,"publisher":{"@id":"https:\/\/cloudforestcoffee.ca\/#organization"},"image":{"@id":"https:\/\/cloudforestcoffee.ca\/test-post\/#primaryimage"},"thumbnailUrl":"https:\/\/cloudforestcoffee.ca\/wp-content\/uploads\/2017\/01\/002-scaled.jpg","articleSection":["Blog Posts","Standard Blog","Uncategorized"],"inLanguage":"fr-CA"},{"@type":"WebPage","@id":"https:\/\/cloudforestcoffee.ca\/test-post\/","url":"https:\/\/cloudforestcoffee.ca\/test-post\/","name":"Descending into the Cloud Forest - Cloud Forest Coffee","isPartOf":{"@id":"https:\/\/cloudforestcoffee.ca\/#website"},"primaryImageOfPage":{"@id":"https:\/\/cloudforestcoffee.ca\/test-post\/#primaryimage"},"image":{"@id":"https:\/\/cloudforestcoffee.ca\/test-post\/#primaryimage"},"thumbnailUrl":"https:\/\/cloudforestcoffee.ca\/wp-content\/uploads\/2017\/01\/002-scaled.jpg","datePublished":"2017-01-25T16:33:52+00:00","dateModified":"2017-01-25T17:26:55+00:00","breadcrumb":{"@id":"https:\/\/cloudforestcoffee.ca\/test-post\/#breadcrumb"},"inLanguage":"fr-CA","potentialAction":[{"@type":"ReadAction","target":["https:\/\/cloudforestcoffee.ca\/test-post\/"]}]},{"@type":"ImageObject","inLanguage":"fr-CA","@id":"https:\/\/cloudforestcoffee.ca\/test-post\/#primaryimage","url":"https:\/\/cloudforestcoffee.ca\/wp-content\/uploads\/2017\/01\/002-scaled.jpg","contentUrl":"https:\/\/cloudforestcoffee.ca\/wp-content\/uploads\/2017\/01\/002-scaled.jpg","width":2560,"height":1714},{"@type":"BreadcrumbList","@id":"https:\/\/cloudforestcoffee.ca\/test-post\/#breadcrumb","itemListElement":[{"@type":"ListItem","position":1,"name":"Home","item":"https:\/\/cloudforestcoffee.ca\/"},{"@type":"ListItem","position":2,"name":"Descending into the Cloud Forest"}]},{"@type":"WebSite","@id":"https:\/\/cloudforestcoffee.ca\/#website","url":"https:\/\/cloudforestcoffee.ca\/","name":"Caf\u00e9 CloudForest","description":"Maison","publisher":{"@id":"https:\/\/cloudforestcoffee.ca\/#organization"},"potentialAction":[{"@type":"SearchAction","target":{"@type":"EntryPoint","urlTemplate":"https:\/\/cloudforestcoffee.ca\/?s={search_term_string}"},"query-input":{"@type":"PropertyValueSpecification","valueRequired":true,"valueName":"search_term_string"}}],"inLanguage":"fr-CA"},{"@type":"Organization","@id":"https:\/\/cloudforestcoffee.ca\/#organization","name":"Caf\u00e9 CloudForest","url":"https:\/\/cloudforestcoffee.ca\/","logo":{"@type":"ImageObject","inLanguage":"fr-CA","@id":"https:\/\/cloudforestcoffee.ca\/#\/schema\/logo\/image\/","url":"https:\/\/cloudforestcoffee.ca\/wp-content\/uploads\/2021\/04\/CLOUD-FOREST-BLACK-1.png","contentUrl":"https:\/\/cloudforestcoffee.ca\/wp-content\/uploads\/2021\/04\/CLOUD-FOREST-BLACK-1.png","width":4556,"height":890,"caption":"CloudForest Coffee"},"image":{"@id":"https:\/\/cloudforestcoffee.ca\/#\/schema\/logo\/image\/"}},{"@type":"Person","@id":"https:\/\/cloudforestcoffee.ca\/#\/schema\/person\/c44a3d79a74a8ab111e3fadc471171b0","name":"caf\u00e9 de la for\u00eat nuageuse","image":{"@type":"ImageObject","inLanguage":"fr-CA","@id":"https:\/\/cloudforestcoffee.ca\/#\/schema\/person\/image\/","url":"https:\/\/secure.gravatar.com\/avatar\/1f08d9005e7af7bd55f3e58c05b99d9ebe21b2ede79c2cc9dd542e620b897842?s=96&d=mm&r=g","contentUrl":"https:\/\/secure.gravatar.com\/avatar\/1f08d9005e7af7bd55f3e58c05b99d9ebe21b2ede79c2cc9dd542e620b897842?s=96&d=mm&r=g","caption":"cloudforestcoffee"}}]}},"builder_content":"","_links":{"self":[{"href":"https:\/\/cloudforestcoffee.ca\/fr\/wp-json\/wp\/v2\/posts\/1352","targetHints":{"allow":["GET"]}}],"collection":[{"href":"https:\/\/cloudforestcoffee.ca\/fr\/wp-json\/wp\/v2\/posts"}],"about":[{"href":"https:\/\/cloudforestcoffee.ca\/fr\/wp-json\/wp\/v2\/types\/post"}],"author":[{"embeddable":true,"href":"https:\/\/cloudforestcoffee.ca\/fr\/wp-json\/wp\/v2\/users\/1"}],"replies":[{"embeddable":true,"href":"https:\/\/cloudforestcoffee.ca\/fr\/wp-json\/wp\/v2\/comments?post=1352"}],"version-history":[{"count":0,"href":"https:\/\/cloudforestcoffee.ca\/fr\/wp-json\/wp\/v2\/posts\/1352\/revisions"}],"wp:featuredmedia":[{"embeddable":true,"href":"https:\/\/cloudforestcoffee.ca\/fr\/wp-json\/wp\/v2\/media\/1354"}],"wp:attachment":[{"href":"https:\/\/cloudforestcoffee.ca\/fr\/wp-json\/wp\/v2\/media?parent=1352"}],"wp:term":[{"taxonomy":"category","embeddable":true,"href":"https:\/\/cloudforestcoffee.ca\/fr\/wp-json\/wp\/v2\/categories?post=1352"},{"taxonomy":"post_tag","embeddable":true,"href":"https:\/\/cloudforestcoffee.ca\/fr\/wp-json\/wp\/v2\/tags?post=1352"}],"curies":[{"name":"wp","href":"https:\/\/api.w.org\/{rel}","templated":true}]}}