{"id":1436,"date":"2018-05-05T20:48:08","date_gmt":"2018-05-05T20:48:08","guid":{"rendered":"https:\/\/cloudforestcoffee.ca\/?p=1436"},"modified":"2018-05-05T20:51:17","modified_gmt":"2018-05-05T20:51:17","slug":"biodiversity-under-threat","status":"publish","type":"post","link":"https:\/\/cloudforestcoffee.ca\/fr\/biodiversity-under-threat\/","title":{"rendered":"La biodiversit\u00e9 menac\u00e9e"},"content":{"rendered":"<p>J&#039;ai d\u00e9j\u00e0 \u00e9crit sur l&#039;histoire de la r\u00e9sistance \u00e0 l&#039;exploitation mini\u00e8re dans la r\u00e9gion du Rio Intag, en \u00c9quateur. Malheureusement, cette r\u00e9gion n&#039;est pas la seule, magnifique et d&#039;une biodiversit\u00e9 incroyable, menac\u00e9e par l&#039;extraction des ressources. Le parc national Yasuni est un \u00eelot de jungle amazonienne pr\u00e9serv\u00e9e \u00e0 l&#039;est de l&#039;\u00c9quateur. J&#039;ai visit\u00e9 une station de recherche situ\u00e9e dans le parc en 2011. La r\u00e9gion est un paradis naturel. La diversit\u00e9 des plantes, des insectes et de la faune sauvage est \u00e9poustouflante. Les groupes indig\u00e8nes qui vivent dans la zone comprise dans le parc vivent encore aujourd&#039;hui comme ils le font depuis des si\u00e8cles. Certes, ils chassent d\u00e9sormais au fusil et entretiennent des contacts avec les agences gouvernementales, mais ils continuent de vivre des richesses de la for\u00eat.<\/p>\n<p><img loading=\"lazy\" decoding=\"async\" class=\"alignnone size-thumbnail wp-image-1438\" src=\"https:\/\/cloudforestcoffee.ca\/wp-content\/uploads\/2018\/05\/arbol-150x150.jpg\" alt=\"\" width=\"150\" height=\"150\" srcset=\"https:\/\/cloudforestcoffee.ca\/wp-content\/uploads\/2018\/05\/arbol-150x150.jpg 150w, https:\/\/cloudforestcoffee.ca\/wp-content\/uploads\/2018\/05\/arbol-300x300.jpg 300w, https:\/\/cloudforestcoffee.ca\/wp-content\/uploads\/2018\/05\/arbol-100x100.jpg 100w\" sizes=\"auto, (max-width: 150px) 100vw, 150px\" \/><\/p>\n<p>Il n&#039;y a pas de routes pour se d\u00e9placer dans le parc, donc pour y arriver, il faut faire une longue travers\u00e9e en bateau sur le fleuve Napo. Dans un petit bateau \u00e0 moteur, nous avons fil\u00e9 le long de la rivi\u00e8re trouble, la jungle drapant le rivage d&#039;un \u00e9pais rideau de v\u00e9g\u00e9tation. Le long des rives, on peut observer des tortues se pr\u00e9lassant au soleil, certaines avec des papillons pos\u00e9s dessus. Yasuni est un lieu magique, c&#039;est pourquoi il semblait \u00e9vident de tenter de le prot\u00e9ger de la menace des forages p\u00e9troliers \u00e0 grande \u00e9chelle. Sous la beaut\u00e9 naturelle de Yasuni se trouve la plus grande r\u00e9serve de p\u00e9trole restante d&#039;\u00c9quateur. On parle d&#039;environ 46 millions de barils, soit 20% des r\u00e9serves prouv\u00e9es du pays. C&#039;est de l\u00e0 qu&#039;est n\u00e9e l&#039;id\u00e9e de l&#039;initiative Yasuni ITT. En 2007, le pr\u00e9sident de l&#039;\u00e9poque, Rafael Correa, a fait une offre au monde\u00a0: si la communaut\u00e9 internationale donnait \u00e0 l&#039;\u00c9quateur $3,6 milliards de dollars (la moiti\u00e9 des revenus que l&#039;\u00c9quateur tirerait de l&#039;exploitation des r\u00e9serves p\u00e9troli\u00e8res), l&#039;\u00c9quateur prot\u00e9gerait le parc. Tout l&#039;argent de l&#039;initiative devait \u00eatre investi dans la transition vers une \u00e9conomie durable et l&#039;\u00e9galit\u00e9 sociale. Je sais ce que vous pensez\u00a0: le pr\u00e9sident \u00e9quatorien tenait bel et bien l&#039;Amazonie en otage. Apr\u00e8s avoir re\u00e7u pr\u00e8s de 14200 millions de dollars en 2012, il a annonc\u00e9 la poursuite de l&#039;initiative Yasuni. Cependant, cela n&#039;a pas abouti. L&#039;ann\u00e9e suivante, il est revenu sur sa position, d\u00e9clarant que les contributions \u00e9conomiques \u00e9taient insuffisantes. Il a poursuivi son plan de d\u00e9veloppement de l&#039;extraction p\u00e9troli\u00e8re. Le forage a d\u00e9but\u00e9 dans le Yasuni en 2016, et la deuxi\u00e8me phase de ce projet controvers\u00e9 \u00e9tait en cours en 2017. De nombreux groupes et peuples autochtones luttent encore pour pr\u00e9server cette zone importante. L&#039;Amazonie est consid\u00e9r\u00e9e comme le poumon de la plan\u00e8te, en raison du r\u00f4le de cette immense for\u00eat comme puits de carbone et de son effet de refroidissement sur la plan\u00e8te. L&#039;exploitation p\u00e9troli\u00e8re entra\u00eenera davantage de routes, une plus grande d\u00e9forestation et une contamination des eaux et des sols. Cette perte sera particuli\u00e8rement ressentie par les populations autochtones, dont la survie d\u00e9pend de l&#039;\u00e9cosyst\u00e8me, mais elle aura des r\u00e9percussions mondiales \u00e0 travers les effets plan\u00e9taires du changement climatique. Yasuni n&#039;est pas le seul parc naturel vierge d&#039;\u00c9quateur \u00e0 \u00eatre ouvert \u00e0 l&#039;exploitation des ressources. <em>Las Cajas<\/em>.<\/p>\n<p><img loading=\"lazy\" decoding=\"async\" class=\"alignnone size-thumbnail wp-image-1439\" src=\"https:\/\/cloudforestcoffee.ca\/wp-content\/uploads\/2018\/05\/ecuador-las-cajas-national-park-150x150.jpg\" alt=\"\" width=\"150\" height=\"150\" srcset=\"https:\/\/cloudforestcoffee.ca\/wp-content\/uploads\/2018\/05\/ecuador-las-cajas-national-park-150x150.jpg 150w, https:\/\/cloudforestcoffee.ca\/wp-content\/uploads\/2018\/05\/ecuador-las-cajas-national-park-100x100.jpg 100w\" sizes=\"auto, (max-width: 150px) 100vw, 150px\" \/><\/p>\n<p>Le parc national de Las Cajas est magnifique\u00a0: c&#039;est une r\u00e9gion perch\u00e9e sur les hauteurs des Andes \u00e9quatoriennes, parsem\u00e9e de lacs et de sommets montagneux. Outre son caract\u00e8re populaire de randonn\u00e9e et de cyclisme, le parc alimente en eau potable la ville de Cuenca. Il surplombe Cuenca, troisi\u00e8me ville d&#039;\u00c9quateur, et dispose d&#039;un <em>paramo <\/em>\u00e9cosyst\u00e8me. Cela signifie qu&#039;il se situe au-dessus de la limite des arbres, la v\u00e9g\u00e9tation principale \u00e9tant un type d&#039;arbuste herbeux qui couvre les montagnes. Le gouvernement envisage de d\u00e9velopper l&#039;exploitation mini\u00e8re dans le parc. Cela mettrait en p\u00e9ril la source d&#039;eau de millions de personnes, qui deviendraient alors d\u00e9pendantes de l&#039;eau en bouteille, alors qu&#039;elles b\u00e9n\u00e9ficient actuellement d&#039;une excellente eau du robinet. Nous savons tous que l&#039;eau est essentielle \u00e0 la vie, mais dans un syst\u00e8me capitaliste qui privil\u00e9gie l&#039;argent, il est consid\u00e9r\u00e9 comme judicieux d&#039;ouvrir une mine \u00e0 proximit\u00e9 d&#039;un point d&#039;eau urbain. Une autre r\u00e9gion du sud de l&#039;\u00c9quateur est en proie \u00e0 une lutte contre son propre gouvernement\u00a0: la tribu Shuar, dans le sud-est du pays.<\/p>\n<p>&nbsp;<\/p>\n<p>Le conflit entre la tribu Shuar et le gouvernement a d\u00e9but\u00e9 lorsque 41\u00a0000 hectares de leurs terres ont \u00e9t\u00e9 c\u00e9d\u00e9s \u00e0 une soci\u00e9t\u00e9 mini\u00e8re canadienne, Corriente Resources. Cette soci\u00e9t\u00e9 a \u00e9tabli son camp minier dans la colonie de Nankintz. Ces terres \u00e9taient auparavant un territoire communautaire Shuar, mais le gouvernement n&#039;a pas reconnu leur titre de propri\u00e9t\u00e9, car ils n&#039;y avaient aucune structure. De telles politiques ne reconnaissent pas le mode de vie nomade des tribus Shuar. Consid\u00e9r\u00e9es comme vacantes, les Shuars ont \u00e9t\u00e9 ignor\u00e9s. Les Shuars ont r\u00e9ussi \u00e0 expulser Corriente Resources de leur territoire en 2006, avec le soutien du groupe. <em>Action \u00e9cologique<\/em>Afin de prot\u00e9ger leurs terres d&#039;un futur d\u00e9veloppement minier, les Shuars ont \u00e9tabli une colonie permanente \u00e0 Nankintz. Malheureusement, la concession a \u00e9t\u00e9 revendue \u00e0 une soci\u00e9t\u00e9 mini\u00e8re chinoise, EXSA. Depuis, les communaut\u00e9s Shuars sont confront\u00e9es \u00e0 la criminalisation, \u00e0 la militarisation et \u00e0 de s\u00e9v\u00e8res restrictions de leurs droits. En 2016, le conflit a atteint son paroxysme. Les Shuars ont \u00e9t\u00e9 expuls\u00e9s de la communaut\u00e9 en ao\u00fbt et leurs habitations ont \u00e9t\u00e9 d\u00e9truites. Le 21 novembre,<sup>St<\/sup> Ils ont repris leur communaut\u00e9 \u00e0 l&#039;entreprise. Le gouvernement chinois s&#039;en est plaint aupr\u00e8s du gouvernement \u00e9quatorien. Le 14 d\u00e9cembre<sup>\u00e8me<\/sup> La police \u00e9quatorienne est intervenue et a de nouveau expuls\u00e9 les Shuars. Lors des affrontements, un policier a \u00e9t\u00e9 tu\u00e9, sept policiers et deux Shuars ont \u00e9t\u00e9 bless\u00e9s. Le gouvernement a r\u00e9agi en d\u00e9clarant l&#039;\u00e9tat d&#039;urgence et en mobilisant l&#039;arm\u00e9e. Les Shuars sont d\u00e9sormais pers\u00e9cut\u00e9s et contraints de fuir au plus profond de la jungle pour \u00e9viter les arrestations et les peines de prison. Si le projet minier EXSA se concr\u00e9tisait, il deviendrait la deuxi\u00e8me plus grande mine de cuivre au monde et g\u00e9n\u00e9rerait 1,4 milliard de livres sterling (1,2 milliard de dollars am\u00e9ricains) par an. En cons\u00e9quence, la tribu Shuar perdrait une grande partie de son territoire ancestral et sa capacit\u00e9 \u00e0 chasser et \u00e0 se nourrir serait compromise. Une fois de plus, il en r\u00e9sulterait une d\u00e9forestation \u00e0 grande \u00e9chelle et une pollution environnementale, tandis qu&#039;un petit groupe de personnes s&#039;enrichirait.<\/p>\n<p><img loading=\"lazy\" decoding=\"async\" class=\"alignnone size-thumbnail wp-image-1440\" src=\"https:\/\/cloudforestcoffee.ca\/wp-content\/uploads\/2018\/05\/search-150x114.jpg\" alt=\"\" width=\"150\" height=\"114\" \/><\/p>\n<p>De nombreux projets n\u00e9fastes pour l&#039;environnement sont actuellement men\u00e9s en \u00c9quateur. Ils le sont \u00e9galement dans le monde entier. Tant de zones \u00e9cologiquement sensibles sont cibl\u00e9es par l&#039;extraction de ressources qu&#039;elles ne pourraient \u00eatre pr\u00e9sent\u00e9es dans un seul article. Presque chaque pays a sa propre version de ce probl\u00e8me. Si ce n&#039;\u00e9tait qu&#039;en \u00c9quateur, vous pourriez \u00eatre tent\u00e9 de penser que la situation d&#039;un petit pays d&#039;Am\u00e9rique latine ne vous concerne pas. Mais lorsque cet impact se multiplie \u00e0 l&#039;\u00e9chelle mondiale, il affectera chacun d&#039;entre nous. Que signifie l&#039;empi\u00e8tement simultan\u00e9 de tous ces \u00e9cosyst\u00e8mes\u00a0? Cela signifie que l&#039;humanit\u00e9 sacrifie les syst\u00e8mes naturels essentiels \u00e0 notre survie au profit du d\u00e9veloppement industriel. Nous devons faire preuve d&#039;ing\u00e9niosit\u00e9. Nous devons sortir des sentiers battus pour soutenir les petites entreprises du monde entier qui ne reposent pas sur des industries destructrices pour l&#039;environnement. Nous devons trouver le moyen de passer \u00e0 des \u00e9conomies qui ne reposent pas enti\u00e8rement sur le p\u00e9trole. Nous devons cesser d&#039;exploiter l&#039;or \u00e0 des fins de cr\u00e9ation de richesses et de joaillerie. Est-il judicieux de faire gagner des millions aux actionnaires en laissant des produits chimiques comme le cyanure se retrouver dans votre eau\u00a0? Le cuivre devrait \u00eatre recycl\u00e9 \u00e0 un degr\u00e9 beaucoup plus \u00e9lev\u00e9, et nous ne devrions surtout pas ouvrir de nouvelles mines de cuivre dans des zones extr\u00eamement riches en biodiversit\u00e9. C&#039;est le combat de notre g\u00e9n\u00e9ration, et j&#039;esp\u00e8re qu&#039;ensemble, nous pourrons amorcer les changements n\u00e9cessaires.<\/p>","protected":false},"excerpt":{"rendered":"<p>J&#039;ai d\u00e9j\u00e0 \u00e9crit sur l&#039;histoire de la r\u00e9sistance mini\u00e8re dans la r\u00e9gion du Rio Intag, en \u00c9quateur. Malheureusement, cette r\u00e9gion n&#039;est pas la seule, magnifique et riche en biodiversit\u00e9, menac\u00e9e de contamination par l&#039;extraction des ressources. Le parc national Yasuni est un \u00eelot de jungle amazonienne pr\u00e9serv\u00e9e \u00e0 l&#039;est de l&#039;\u00c9quateur. J&#039;ai visit\u00e9 [\u2026]<\/p>","protected":false},"author":1,"featured_media":1438,"comment_status":"closed","ping_status":"open","sticky":false,"template":"","format":"standard","meta":{"footnotes":""},"categories":[1],"tags":[],"class_list":["post-1436","post","type-post","status-publish","format-standard","has-post-thumbnail","hentry","category-uncategorized","has-post-title","has-post-date","has-post-category","has-post-tag","has-post-comment","has-post-author",""],"yoast_head":"<!-- This site is optimized with the Yoast SEO plugin v26.5 - https:\/\/yoast.com\/wordpress\/plugins\/seo\/ -->\n<title>Biodiversity Under Threat - Cloud Forest Coffee<\/title>\n<meta name=\"robots\" content=\"noindex, follow\" \/>\n<meta property=\"og:locale\" content=\"fr_CA\" \/>\n<meta property=\"og:type\" content=\"article\" \/>\n<meta property=\"og:title\" content=\"Biodiversity Under Threat - Cloud Forest Coffee\" \/>\n<meta property=\"og:description\" content=\"I have written in the past about the history of mining resistance in the Rio Intag region of Ecuador. Unfortunatly the Intag region is not the only beautiful and incredibly bio-diverse region under threat of being contaminated by resource extraction. Yasuni National Park is a pocket of pristine Amazon jungle in Eastern Ecuador. I visited [&hellip;]\" \/>\n<meta property=\"og:url\" content=\"https:\/\/cloudforestcoffee.ca\/fr\/biodiversity-under-threat\/\" \/>\n<meta property=\"og:site_name\" content=\"Cloud Forest Coffee\" \/>\n<meta property=\"article:published_time\" content=\"2018-05-05T20:48:08+00:00\" \/>\n<meta property=\"article:modified_time\" content=\"2018-05-05T20:51:17+00:00\" \/>\n<meta property=\"og:image\" content=\"https:\/\/cloudforestcoffee.ca\/wp-content\/uploads\/2018\/05\/arbol.jpg\" \/>\n\t<meta property=\"og:image:width\" content=\"899\" \/>\n\t<meta property=\"og:image:height\" content=\"505\" \/>\n\t<meta property=\"og:image:type\" content=\"image\/jpeg\" \/>\n<meta name=\"author\" content=\"cloudforestcoffee\" \/>\n<meta name=\"twitter:card\" content=\"summary_large_image\" \/>\n<meta name=\"twitter:label1\" content=\"\u00c9crit par\" \/>\n\t<meta name=\"twitter:data1\" content=\"cloudforestcoffee\" \/>\n\t<meta name=\"twitter:label2\" content=\"Estimation du temps de lecture\" \/>\n\t<meta name=\"twitter:data2\" content=\"6 minutes\" \/>\n<script type=\"application\/ld+json\" class=\"yoast-schema-graph\">{\"@context\":\"https:\/\/schema.org\",\"@graph\":[{\"@type\":\"Article\",\"@id\":\"https:\/\/cloudforestcoffee.ca\/biodiversity-under-threat\/#article\",\"isPartOf\":{\"@id\":\"https:\/\/cloudforestcoffee.ca\/biodiversity-under-threat\/\"},\"author\":{\"name\":\"cloudforestcoffee\",\"@id\":\"https:\/\/cloudforestcoffee.ca\/#\/schema\/person\/c44a3d79a74a8ab111e3fadc471171b0\"},\"headline\":\"Biodiversity Under Threat\",\"datePublished\":\"2018-05-05T20:48:08+00:00\",\"dateModified\":\"2018-05-05T20:51:17+00:00\",\"mainEntityOfPage\":{\"@id\":\"https:\/\/cloudforestcoffee.ca\/biodiversity-under-threat\/\"},\"wordCount\":1281,\"publisher\":{\"@id\":\"https:\/\/cloudforestcoffee.ca\/#organization\"},\"image\":{\"@id\":\"https:\/\/cloudforestcoffee.ca\/biodiversity-under-threat\/#primaryimage\"},\"thumbnailUrl\":\"https:\/\/cloudforestcoffee.ca\/wp-content\/uploads\/2018\/05\/arbol.jpg\",\"articleSection\":[\"Uncategorized\"],\"inLanguage\":\"fr-CA\"},{\"@type\":\"WebPage\",\"@id\":\"https:\/\/cloudforestcoffee.ca\/biodiversity-under-threat\/\",\"url\":\"https:\/\/cloudforestcoffee.ca\/biodiversity-under-threat\/\",\"name\":\"Biodiversity Under Threat - Cloud Forest Coffee\",\"isPartOf\":{\"@id\":\"https:\/\/cloudforestcoffee.ca\/#website\"},\"primaryImageOfPage\":{\"@id\":\"https:\/\/cloudforestcoffee.ca\/biodiversity-under-threat\/#primaryimage\"},\"image\":{\"@id\":\"https:\/\/cloudforestcoffee.ca\/biodiversity-under-threat\/#primaryimage\"},\"thumbnailUrl\":\"https:\/\/cloudforestcoffee.ca\/wp-content\/uploads\/2018\/05\/arbol.jpg\",\"datePublished\":\"2018-05-05T20:48:08+00:00\",\"dateModified\":\"2018-05-05T20:51:17+00:00\",\"breadcrumb\":{\"@id\":\"https:\/\/cloudforestcoffee.ca\/biodiversity-under-threat\/#breadcrumb\"},\"inLanguage\":\"fr-CA\",\"potentialAction\":[{\"@type\":\"ReadAction\",\"target\":[\"https:\/\/cloudforestcoffee.ca\/biodiversity-under-threat\/\"]}]},{\"@type\":\"ImageObject\",\"inLanguage\":\"fr-CA\",\"@id\":\"https:\/\/cloudforestcoffee.ca\/biodiversity-under-threat\/#primaryimage\",\"url\":\"https:\/\/cloudforestcoffee.ca\/wp-content\/uploads\/2018\/05\/arbol.jpg\",\"contentUrl\":\"https:\/\/cloudforestcoffee.ca\/wp-content\/uploads\/2018\/05\/arbol.jpg\",\"width\":899,\"height\":505},{\"@type\":\"BreadcrumbList\",\"@id\":\"https:\/\/cloudforestcoffee.ca\/biodiversity-under-threat\/#breadcrumb\",\"itemListElement\":[{\"@type\":\"ListItem\",\"position\":1,\"name\":\"Home\",\"item\":\"https:\/\/cloudforestcoffee.ca\/\"},{\"@type\":\"ListItem\",\"position\":2,\"name\":\"Biodiversity Under Threat\"}]},{\"@type\":\"WebSite\",\"@id\":\"https:\/\/cloudforestcoffee.ca\/#website\",\"url\":\"https:\/\/cloudforestcoffee.ca\/\",\"name\":\"Cloud Forest Coffee\",\"description\":\"Home\",\"publisher\":{\"@id\":\"https:\/\/cloudforestcoffee.ca\/#organization\"},\"potentialAction\":[{\"@type\":\"SearchAction\",\"target\":{\"@type\":\"EntryPoint\",\"urlTemplate\":\"https:\/\/cloudforestcoffee.ca\/?s={search_term_string}\"},\"query-input\":{\"@type\":\"PropertyValueSpecification\",\"valueRequired\":true,\"valueName\":\"search_term_string\"}}],\"inLanguage\":\"fr-CA\"},{\"@type\":\"Organization\",\"@id\":\"https:\/\/cloudforestcoffee.ca\/#organization\",\"name\":\"CloudForest Coffee\",\"url\":\"https:\/\/cloudforestcoffee.ca\/\",\"logo\":{\"@type\":\"ImageObject\",\"inLanguage\":\"fr-CA\",\"@id\":\"https:\/\/cloudforestcoffee.ca\/#\/schema\/logo\/image\/\",\"url\":\"https:\/\/cloudforestcoffee.ca\/wp-content\/uploads\/2021\/04\/CLOUD-FOREST-BLACK-1.png\",\"contentUrl\":\"https:\/\/cloudforestcoffee.ca\/wp-content\/uploads\/2021\/04\/CLOUD-FOREST-BLACK-1.png\",\"width\":4556,\"height\":890,\"caption\":\"CloudForest Coffee\"},\"image\":{\"@id\":\"https:\/\/cloudforestcoffee.ca\/#\/schema\/logo\/image\/\"}},{\"@type\":\"Person\",\"@id\":\"https:\/\/cloudforestcoffee.ca\/#\/schema\/person\/c44a3d79a74a8ab111e3fadc471171b0\",\"name\":\"cloudforestcoffee\",\"image\":{\"@type\":\"ImageObject\",\"inLanguage\":\"fr-CA\",\"@id\":\"https:\/\/cloudforestcoffee.ca\/#\/schema\/person\/image\/\",\"url\":\"https:\/\/secure.gravatar.com\/avatar\/1f08d9005e7af7bd55f3e58c05b99d9ebe21b2ede79c2cc9dd542e620b897842?s=96&d=mm&r=g\",\"contentUrl\":\"https:\/\/secure.gravatar.com\/avatar\/1f08d9005e7af7bd55f3e58c05b99d9ebe21b2ede79c2cc9dd542e620b897842?s=96&d=mm&r=g\",\"caption\":\"cloudforestcoffee\"}}]}<\/script>\n<!-- \/ Yoast SEO plugin. -->","yoast_head_json":{"title":"Biodiversity Under Threat - Cloud Forest Coffee","robots":{"index":"noindex","follow":"follow"},"og_locale":"fr_CA","og_type":"article","og_title":"Biodiversity Under Threat - Cloud Forest Coffee","og_description":"I have written in the past about the history of mining resistance in the Rio Intag region of Ecuador. Unfortunatly the Intag region is not the only beautiful and incredibly bio-diverse region under threat of being contaminated by resource extraction. Yasuni National Park is a pocket of pristine Amazon jungle in Eastern Ecuador. I visited [&hellip;]","og_url":"https:\/\/cloudforestcoffee.ca\/fr\/biodiversity-under-threat\/","og_site_name":"Cloud Forest Coffee","article_published_time":"2018-05-05T20:48:08+00:00","article_modified_time":"2018-05-05T20:51:17+00:00","og_image":[{"width":899,"height":505,"url":"https:\/\/cloudforestcoffee.ca\/wp-content\/uploads\/2018\/05\/arbol.jpg","type":"image\/jpeg"}],"author":"cloudforestcoffee","twitter_card":"summary_large_image","twitter_misc":{"\u00c9crit par":"cloudforestcoffee","Estimation du temps de lecture":"6 minutes"},"schema":{"@context":"https:\/\/schema.org","@graph":[{"@type":"Article","@id":"https:\/\/cloudforestcoffee.ca\/biodiversity-under-threat\/#article","isPartOf":{"@id":"https:\/\/cloudforestcoffee.ca\/biodiversity-under-threat\/"},"author":{"name":"cloudforestcoffee","@id":"https:\/\/cloudforestcoffee.ca\/#\/schema\/person\/c44a3d79a74a8ab111e3fadc471171b0"},"headline":"Biodiversity Under Threat","datePublished":"2018-05-05T20:48:08+00:00","dateModified":"2018-05-05T20:51:17+00:00","mainEntityOfPage":{"@id":"https:\/\/cloudforestcoffee.ca\/biodiversity-under-threat\/"},"wordCount":1281,"publisher":{"@id":"https:\/\/cloudforestcoffee.ca\/#organization"},"image":{"@id":"https:\/\/cloudforestcoffee.ca\/biodiversity-under-threat\/#primaryimage"},"thumbnailUrl":"https:\/\/cloudforestcoffee.ca\/wp-content\/uploads\/2018\/05\/arbol.jpg","articleSection":["Uncategorized"],"inLanguage":"fr-CA"},{"@type":"WebPage","@id":"https:\/\/cloudforestcoffee.ca\/biodiversity-under-threat\/","url":"https:\/\/cloudforestcoffee.ca\/biodiversity-under-threat\/","name":"Biodiversity Under Threat - Cloud Forest Coffee","isPartOf":{"@id":"https:\/\/cloudforestcoffee.ca\/#website"},"primaryImageOfPage":{"@id":"https:\/\/cloudforestcoffee.ca\/biodiversity-under-threat\/#primaryimage"},"image":{"@id":"https:\/\/cloudforestcoffee.ca\/biodiversity-under-threat\/#primaryimage"},"thumbnailUrl":"https:\/\/cloudforestcoffee.ca\/wp-content\/uploads\/2018\/05\/arbol.jpg","datePublished":"2018-05-05T20:48:08+00:00","dateModified":"2018-05-05T20:51:17+00:00","breadcrumb":{"@id":"https:\/\/cloudforestcoffee.ca\/biodiversity-under-threat\/#breadcrumb"},"inLanguage":"fr-CA","potentialAction":[{"@type":"ReadAction","target":["https:\/\/cloudforestcoffee.ca\/biodiversity-under-threat\/"]}]},{"@type":"ImageObject","inLanguage":"fr-CA","@id":"https:\/\/cloudforestcoffee.ca\/biodiversity-under-threat\/#primaryimage","url":"https:\/\/cloudforestcoffee.ca\/wp-content\/uploads\/2018\/05\/arbol.jpg","contentUrl":"https:\/\/cloudforestcoffee.ca\/wp-content\/uploads\/2018\/05\/arbol.jpg","width":899,"height":505},{"@type":"BreadcrumbList","@id":"https:\/\/cloudforestcoffee.ca\/biodiversity-under-threat\/#breadcrumb","itemListElement":[{"@type":"ListItem","position":1,"name":"Home","item":"https:\/\/cloudforestcoffee.ca\/"},{"@type":"ListItem","position":2,"name":"Biodiversity Under Threat"}]},{"@type":"WebSite","@id":"https:\/\/cloudforestcoffee.ca\/#website","url":"https:\/\/cloudforestcoffee.ca\/","name":"Caf\u00e9 CloudForest","description":"Maison","publisher":{"@id":"https:\/\/cloudforestcoffee.ca\/#organization"},"potentialAction":[{"@type":"SearchAction","target":{"@type":"EntryPoint","urlTemplate":"https:\/\/cloudforestcoffee.ca\/?s={search_term_string}"},"query-input":{"@type":"PropertyValueSpecification","valueRequired":true,"valueName":"search_term_string"}}],"inLanguage":"fr-CA"},{"@type":"Organization","@id":"https:\/\/cloudforestcoffee.ca\/#organization","name":"Caf\u00e9 CloudForest","url":"https:\/\/cloudforestcoffee.ca\/","logo":{"@type":"ImageObject","inLanguage":"fr-CA","@id":"https:\/\/cloudforestcoffee.ca\/#\/schema\/logo\/image\/","url":"https:\/\/cloudforestcoffee.ca\/wp-content\/uploads\/2021\/04\/CLOUD-FOREST-BLACK-1.png","contentUrl":"https:\/\/cloudforestcoffee.ca\/wp-content\/uploads\/2021\/04\/CLOUD-FOREST-BLACK-1.png","width":4556,"height":890,"caption":"CloudForest Coffee"},"image":{"@id":"https:\/\/cloudforestcoffee.ca\/#\/schema\/logo\/image\/"}},{"@type":"Person","@id":"https:\/\/cloudforestcoffee.ca\/#\/schema\/person\/c44a3d79a74a8ab111e3fadc471171b0","name":"caf\u00e9 de la for\u00eat nuageuse","image":{"@type":"ImageObject","inLanguage":"fr-CA","@id":"https:\/\/cloudforestcoffee.ca\/#\/schema\/person\/image\/","url":"https:\/\/secure.gravatar.com\/avatar\/1f08d9005e7af7bd55f3e58c05b99d9ebe21b2ede79c2cc9dd542e620b897842?s=96&d=mm&r=g","contentUrl":"https:\/\/secure.gravatar.com\/avatar\/1f08d9005e7af7bd55f3e58c05b99d9ebe21b2ede79c2cc9dd542e620b897842?s=96&d=mm&r=g","caption":"cloudforestcoffee"}}]}},"builder_content":"","_links":{"self":[{"href":"https:\/\/cloudforestcoffee.ca\/fr\/wp-json\/wp\/v2\/posts\/1436","targetHints":{"allow":["GET"]}}],"collection":[{"href":"https:\/\/cloudforestcoffee.ca\/fr\/wp-json\/wp\/v2\/posts"}],"about":[{"href":"https:\/\/cloudforestcoffee.ca\/fr\/wp-json\/wp\/v2\/types\/post"}],"author":[{"embeddable":true,"href":"https:\/\/cloudforestcoffee.ca\/fr\/wp-json\/wp\/v2\/users\/1"}],"replies":[{"embeddable":true,"href":"https:\/\/cloudforestcoffee.ca\/fr\/wp-json\/wp\/v2\/comments?post=1436"}],"version-history":[{"count":0,"href":"https:\/\/cloudforestcoffee.ca\/fr\/wp-json\/wp\/v2\/posts\/1436\/revisions"}],"wp:featuredmedia":[{"embeddable":true,"href":"https:\/\/cloudforestcoffee.ca\/fr\/wp-json\/wp\/v2\/media\/1438"}],"wp:attachment":[{"href":"https:\/\/cloudforestcoffee.ca\/fr\/wp-json\/wp\/v2\/media?parent=1436"}],"wp:term":[{"taxonomy":"category","embeddable":true,"href":"https:\/\/cloudforestcoffee.ca\/fr\/wp-json\/wp\/v2\/categories?post=1436"},{"taxonomy":"post_tag","embeddable":true,"href":"https:\/\/cloudforestcoffee.ca\/fr\/wp-json\/wp\/v2\/tags?post=1436"}],"curies":[{"name":"wp","href":"https:\/\/api.w.org\/{rel}","templated":true}]}}