{"id":173,"date":"2015-01-25T20:00:47","date_gmt":"2015-01-25T20:00:47","guid":{"rendered":"http:\/\/www.intagcoffee.com\/?p=173"},"modified":"2015-01-25T20:00:47","modified_gmt":"2015-01-25T20:00:47","slug":"el-airo","status":"publish","type":"post","link":"https:\/\/cloudforestcoffee.ca\/fr\/el-airo\/","title":{"rendered":"El Airo"},"content":{"rendered":"<p>Marie et moi sommes arriv\u00e9s dans la paisible communaut\u00e9 d&#039;El Airo il y a une semaine. Nous avons pris un bus de neuf heures depuis la ville c\u00f4ti\u00e8re de Guayaquil jusqu&#039;\u00e0 Loja, serpentant et grimpant toujours plus haut dans la cordill\u00e8re des Andes. Puis nous avons commenc\u00e9 \u00e0 descendre vers la vall\u00e9e o\u00f9 se niche la ville de Loja. Loja est connue pour \u00eatre la capitale de la musique et du caf\u00e9 en \u00c9quateur. Nous y avons pass\u00e9 une agr\u00e9able nuit, \u00e0 manger une pizza et \u00e0 discuter avec des \u00c9quatoriens. Le lendemain, nous avons repris un long trajet en bus, de cinq heures cette fois, pour remonter dans les montagnes jusqu&#039;\u00e0 la communaut\u00e9 d&#039;El Airo. Le bus a continu\u00e9 \u00e0 monter jusqu&#039;\u00e0 ce que nous pensions ne plus pouvoir aller plus haut, mais le chauffeur, courageux, a pers\u00e9v\u00e9r\u00e9 et nous avons quitt\u00e9 la route goudronn\u00e9e pour emprunter un \u00e9troit chemin de terre qui serpentait de plus en plus haut. Nous sommes finalement arriv\u00e9s et avons d\u00e9gust\u00e9 des empanadas et un caf\u00e9 en guise de bienvenue. Nous avons rencontr\u00e9 nos familles d&#039;accueil et nous nous sommes install\u00e9s.<\/p>\n<p><a href=\"http:\/\/www.intagcoffee.com\/wp-content\/uploads\/2015\/01\/009.jpg\"><img loading=\"lazy\" decoding=\"async\" class=\"alignnone size-thumbnail wp-image-180\" src=\"http:\/\/www.intagcoffee.com\/wp-content\/uploads\/2015\/01\/009-150x150.jpg\" alt=\"009\" width=\"150\" height=\"150\" srcset=\"https:\/\/cloudforestcoffee.ca\/wp-content\/uploads\/2015\/01\/009-150x150.jpg 150w, https:\/\/cloudforestcoffee.ca\/wp-content\/uploads\/2015\/01\/009-180x180.jpg 180w, https:\/\/cloudforestcoffee.ca\/wp-content\/uploads\/2015\/01\/009-300x300.jpg 300w, https:\/\/cloudforestcoffee.ca\/wp-content\/uploads\/2015\/01\/009-600x600.jpg 600w\" sizes=\"auto, (max-width: 150px) 100vw, 150px\" \/><\/a>Une photo d&#039;une ferme \u00e0 El Airo.<\/p>\n<p><a href=\"http:\/\/www.intagcoffee.com\/wp-content\/uploads\/2015\/01\/001.jpg\"><img loading=\"lazy\" decoding=\"async\" class=\"alignnone size-thumbnail wp-image-181\" src=\"http:\/\/www.intagcoffee.com\/wp-content\/uploads\/2015\/01\/001-150x150.jpg\" alt=\"001\" width=\"150\" height=\"150\" \/><\/a><\/p>\n<p>J&#039;ai apport\u00e9 une petite guitare de routard avec moi et elle a eu beaucoup de succ\u00e8s aupr\u00e8s des enfants.<\/p>\n<p>Marie et moi avons eu l&#039;occasion d&#039;aider \u00e0 la plantation d&#039;un champ de caf\u00e9. Cela consiste essentiellement \u00e0 creuser de nombreux trous. C&#039;est la saison des pluies ici \u00e0 El Airo, et nous avons donc \u00e9t\u00e9 tr\u00e8s malmen\u00e9s ! Apr\u00e8s avoir plant\u00e9 le caf\u00e9, nous sommes all\u00e9s dans une autre ferme et avons moulu de la canne \u00e0 sucre pour en faire du jus. La beaut\u00e9 du paysage est impressionnante. Nous avons pass\u00e9 du temps \u00e0 la ferme, fum\u00e9 du tabac qu&#039;ils avaient cultiv\u00e9 et bu du caf\u00e9 frais. Ensuite, nous avons parcouru une partie de la ferme o\u00f9 ils avaient plant\u00e9 du yuca. En partant, ils nous ont offert un cadeau : un ananas bio de leur ferme. Au d\u00eener, nous avons mang\u00e9 des empanadas et bu quelques tasses de caf\u00e9.<\/p>\n<p><a href=\"http:\/\/www.intagcoffee.com\/wp-content\/uploads\/2015\/01\/014.jpg\"><img loading=\"lazy\" decoding=\"async\" class=\"alignnone size-thumbnail wp-image-182\" src=\"http:\/\/www.intagcoffee.com\/wp-content\/uploads\/2015\/01\/014-150x150.jpg\" alt=\"014\" width=\"150\" height=\"150\" srcset=\"https:\/\/cloudforestcoffee.ca\/wp-content\/uploads\/2015\/01\/014-150x150.jpg 150w, https:\/\/cloudforestcoffee.ca\/wp-content\/uploads\/2015\/01\/014-180x180.jpg 180w, https:\/\/cloudforestcoffee.ca\/wp-content\/uploads\/2015\/01\/014-300x300.jpg 300w, https:\/\/cloudforestcoffee.ca\/wp-content\/uploads\/2015\/01\/014-600x600.jpg 600w\" sizes=\"auto, (max-width: 150px) 100vw, 150px\" \/><\/a>Don Roman et sa fille dans leur plantation de caf\u00e9.<\/p>\n<p>L&#039;autre jour, nous avons visit\u00e9 une cascade et avons m\u00eame pu d\u00e9guster des m\u00fbres sauvages. C&#039;\u00e9tait magnifique et le soleil \u00e9tait m\u00eame de sortie apr\u00e8s une journ\u00e9e de pluie. Il y avait un petit bassin pour nager sous la cascade, un lieu empreint de spiritualit\u00e9. Les gens d&#039;ici vivent tr\u00e8s simplement. Chacun mange \u00e0 sa faim et m\u00e8ne une vie relativement confortable. Pourtant, ils n&#039;ont pas beaucoup d&#039;argent de c\u00f4t\u00e9. Le salaire journalier est de 1 TP4T5. De nombreuses familles vivent dans des maisons dont le sol est en terre battue et dont les plafonds ruissellent pendant la saison des pluies.<\/p>\n<p>Je me l\u00e8ve vers 7 heures du matin et prends un copieux petit-d\u00e9jeuner compos\u00e9 de riz, de haricots et de bananes plantain frites. Ensuite, nous allons travailler chez un agriculteur de la r\u00e9gion. Aujourd&#039;hui, nous avons travaill\u00e9 avec un agriculteur nomm\u00e9 Efren et plant\u00e9 du Misfero (un petit arbre fruitier). Ensuite, nous avons march\u00e9 jusqu&#039;\u00e0 une for\u00eat primaire au milieu de sa ferme, travers\u00e9e par une petite cascade.<\/p>\n<p><a href=\"http:\/\/www.intagcoffee.com\/wp-content\/uploads\/2015\/01\/055.jpg\"><img loading=\"lazy\" decoding=\"async\" class=\"alignnone size-thumbnail wp-image-183\" src=\"http:\/\/www.intagcoffee.com\/wp-content\/uploads\/2015\/01\/055-150x150.jpg\" alt=\"055\" width=\"150\" height=\"150\" \/><\/a>La cascade a \u00e9t\u00e9 appel\u00e9e la Pala Encantada (Pot d&#039;or) parce que de nombreuses personnes ont jur\u00e9 avoir vu de petits morceaux d&#039;or au sommet.<\/p>\n<p>Efren (le cultivateur de caf\u00e9) nous a expliqu\u00e9 bri\u00e8vement sa vision de l&#039;agriculture. Il a expliqu\u00e9 que la g\u00e9n\u00e9ration de ses p\u00e8res pratiquait l&#039;agriculture sur br\u00fblis, mais que cela privait le sol de tous ses nutriments. Aujourd&#039;hui, il se contente de couper une partie du feuillage de la for\u00eat et de le laisser se d\u00e9composer pour am\u00e9liorer le sol. Il laisse \u00e9galement quelques plantes indig\u00e8nes pour attirer les oiseaux et pr\u00e9server l&#039;\u00e9cosyst\u00e8me. Nous prenons ensuite une pause d\u00e9jeuner\u00a0: une soupe copieuse, suivie d&#039;une assiette g\u00e9n\u00e9reuse de riz, de tomates, d&#039;\u0153ufs et de viande.<\/p>\n<p><a href=\"http:\/\/www.intagcoffee.com\/wp-content\/uploads\/2015\/01\/080.jpg\"><img loading=\"lazy\" decoding=\"async\" class=\"alignnone size-thumbnail wp-image-184\" src=\"http:\/\/www.intagcoffee.com\/wp-content\/uploads\/2015\/01\/080-150x150.jpg\" alt=\"080\" width=\"150\" height=\"150\" srcset=\"https:\/\/cloudforestcoffee.ca\/wp-content\/uploads\/2015\/01\/080-150x150.jpg 150w, https:\/\/cloudforestcoffee.ca\/wp-content\/uploads\/2015\/01\/080-180x180.jpg 180w, https:\/\/cloudforestcoffee.ca\/wp-content\/uploads\/2015\/01\/080-300x300.jpg 300w, https:\/\/cloudforestcoffee.ca\/wp-content\/uploads\/2015\/01\/080-600x600.jpg 600w\" sizes=\"auto, (max-width: 150px) 100vw, 150px\" \/><\/a>Efren parle de la culture du caf\u00e9.<\/p>\n<p>Les Canadiens se plaignent souvent de l&#039;hiver, mais une longue saison des pluies est aussi psychologiquement difficile. Ici, les gens n&#039;ont pas de chauffage, donc quand il fait froid, il n&#039;y a pas beaucoup de r\u00e9pit, si ce n&#039;est un pull suppl\u00e9mentaire. Mais bon, qu&#039;ai-je appris sur la culture du caf\u00e9\u00a0? Tout d&#039;abord, c&#039;est beaucoup de travail\u00a0! Les cultivateurs doivent planter les caf\u00e9iers et attendre trois ans avant qu&#039;ils ne commencent \u00e0 produire. Ensuite, si tout va bien et qu&#039;une des nombreuses maladies qui ravagent les caf\u00e9iers ne survient pas, il faut aller cueillir les baies m\u00fbres \u00e0 la main. Ensuite, il faut aller au march\u00e9 pour apporter ses grains. Chaque caf\u00e9ier, dans de bonnes conditions, produit 450\u00a0g de caf\u00e9 par an. C&#039;est une fa\u00e7on difficile de gagner de l&#039;argent\u00a0! Alors, quand vous buvez votre caf\u00e9 \u00e0 la maison, prenez un instant pour appr\u00e9cier le cultivateur qui l&#039;a cultiv\u00e9\u00a0!<\/p>\n<p><a href=\"http:\/\/www.intagcoffee.com\/wp-content\/uploads\/2015\/01\/119.jpg\"><img loading=\"lazy\" decoding=\"async\" class=\"alignnone size-thumbnail wp-image-185\" src=\"http:\/\/www.intagcoffee.com\/wp-content\/uploads\/2015\/01\/119-150x150.jpg\" alt=\"119\" width=\"150\" height=\"150\" \/><\/a>Quelques baies de caf\u00e9 non m\u00fbres sur la plante.<\/p>\n<p>Il faisait beau aujourd&#039;hui ! Au petit-d\u00e9jeuner, nous avons mang\u00e9 des tortillas \u00e0 la banane avec du riz et des haricots. Marrie est arriv\u00e9e de la ferme o\u00f9 elle s\u00e9journe et nous avons pris un caf\u00e9. Ensuite, nous sommes all\u00e9s avec ma famille d&#039;accueil cueillir des goyaves. Si vous ne le savez pas, la goyave pousse sur un arbre et se pr\u00e9sente sous forme de longues gousses vertes semblables \u00e0 des haricots. Il faut grimper \u00e0 l&#039;arbre et faire tomber la goyave avec un b\u00e2ton. C&#039;\u00e9tait une agr\u00e9able promenade\u00a0; Marie et moi avons discut\u00e9 pendant que les enfants jouaient dans le ruisseau. Nous sommes remont\u00e9s \u00e0 la maison et avons d\u00e9jeun\u00e9. Apr\u00e8s le d\u00e9jeuner, le soleil brillait et j&#039;en ai profit\u00e9 pour faire s\u00e9cher mon linge. Du haut du toit, o\u00f9 nous le faisons s\u00e9cher, j&#039;ai \u00e9t\u00e9 \u00e9merveill\u00e9e par la beaut\u00e9 naturelle de la ville et des montagnes environnantes.<\/p>\n<p><a href=\"http:\/\/www.intagcoffee.com\/wp-content\/uploads\/2015\/01\/133.jpg\"><img loading=\"lazy\" decoding=\"async\" class=\"alignnone size-thumbnail wp-image-186\" src=\"http:\/\/www.intagcoffee.com\/wp-content\/uploads\/2015\/01\/133-150x150.jpg\" alt=\"133\" width=\"150\" height=\"150\" srcset=\"https:\/\/cloudforestcoffee.ca\/wp-content\/uploads\/2015\/01\/133-150x150.jpg 150w, https:\/\/cloudforestcoffee.ca\/wp-content\/uploads\/2015\/01\/133-180x180.jpg 180w, https:\/\/cloudforestcoffee.ca\/wp-content\/uploads\/2015\/01\/133-300x300.jpg 300w, https:\/\/cloudforestcoffee.ca\/wp-content\/uploads\/2015\/01\/133-600x600.jpg 600w\" sizes=\"auto, (max-width: 150px) 100vw, 150px\" \/><\/a>La ville de La Guaca \u00e0 El Airo vue depuis le toit de la maison o\u00f9 je s\u00e9journe.<\/p>\n<p>&nbsp;<\/p>","protected":false},"excerpt":{"rendered":"<p>Marie et moi sommes arriv\u00e9s dans la paisible communaut\u00e9 d&#039;El Airo il y a une semaine. Nous avons pris un bus de neuf heures depuis la ville c\u00f4ti\u00e8re de Guayaquil jusqu&#039;\u00e0 Loja, serpentant et grimpant toujours plus haut dans la cordill\u00e8re des Andes. Puis nous avons commenc\u00e9 \u00e0 descendre vers la vall\u00e9e o\u00f9 se niche la ville de Loja. [\u2026]<\/p>","protected":false},"author":1,"featured_media":186,"comment_status":"closed","ping_status":"closed","sticky":false,"template":"","format":"standard","meta":{"footnotes":""},"categories":[8],"tags":[],"class_list":["post-173","post","type-post","status-publish","format-standard","has-post-thumbnail","hentry","category-blog-posts","has-post-title","has-post-date","has-post-category","has-post-tag","has-post-comment","has-post-author",""],"yoast_head":"<!-- This site is optimized with the Yoast SEO plugin v26.5 - https:\/\/yoast.com\/wordpress\/plugins\/seo\/ -->\n<title>El Airo - Cloud Forest Coffee<\/title>\n<meta name=\"robots\" content=\"noindex, follow\" \/>\n<meta property=\"og:locale\" content=\"fr_CA\" \/>\n<meta property=\"og:type\" content=\"article\" \/>\n<meta property=\"og:title\" content=\"El Airo - Cloud Forest Coffee\" \/>\n<meta property=\"og:description\" content=\"Marie and I arried in the peacefull community of El Airo a week ago. We took a 9 hour bus ride from the coastal city of Guayaquil to Loja &#8211; twisting and climbing higher into the Andes mountain range. Then eventually we started descending to the valley where the city of Loja is nestled in. [&hellip;]\" \/>\n<meta property=\"og:url\" content=\"https:\/\/cloudforestcoffee.ca\/fr\/el-airo\/\" \/>\n<meta property=\"og:site_name\" content=\"Cloud Forest Coffee\" \/>\n<meta property=\"article:published_time\" content=\"2015-01-25T20:00:47+00:00\" \/>\n<meta property=\"og:image\" content=\"https:\/\/cloudforestcoffee.ca\/wp-content\/uploads\/2015\/01\/133.jpg\" \/>\n\t<meta property=\"og:image:width\" content=\"3872\" \/>\n\t<meta property=\"og:image:height\" content=\"2592\" \/>\n\t<meta property=\"og:image:type\" content=\"image\/jpeg\" \/>\n<meta name=\"author\" content=\"cloudforestcoffee\" \/>\n<meta name=\"twitter:card\" content=\"summary_large_image\" \/>\n<meta name=\"twitter:label1\" content=\"\u00c9crit par\" \/>\n\t<meta name=\"twitter:data1\" content=\"cloudforestcoffee\" \/>\n\t<meta name=\"twitter:label2\" content=\"Estimation du temps de lecture\" \/>\n\t<meta name=\"twitter:data2\" content=\"5 minutes\" \/>\n<script type=\"application\/ld+json\" class=\"yoast-schema-graph\">{\"@context\":\"https:\/\/schema.org\",\"@graph\":[{\"@type\":\"Article\",\"@id\":\"https:\/\/cloudforestcoffee.ca\/el-airo\/#article\",\"isPartOf\":{\"@id\":\"https:\/\/cloudforestcoffee.ca\/el-airo\/\"},\"author\":{\"name\":\"cloudforestcoffee\",\"@id\":\"https:\/\/cloudforestcoffee.ca\/#\/schema\/person\/c44a3d79a74a8ab111e3fadc471171b0\"},\"headline\":\"El Airo\",\"datePublished\":\"2015-01-25T20:00:47+00:00\",\"mainEntityOfPage\":{\"@id\":\"https:\/\/cloudforestcoffee.ca\/el-airo\/\"},\"wordCount\":959,\"publisher\":{\"@id\":\"https:\/\/cloudforestcoffee.ca\/#organization\"},\"image\":{\"@id\":\"https:\/\/cloudforestcoffee.ca\/el-airo\/#primaryimage\"},\"thumbnailUrl\":\"https:\/\/cloudforestcoffee.ca\/wp-content\/uploads\/2015\/01\/133.jpg\",\"articleSection\":[\"Blog Posts\"],\"inLanguage\":\"fr-CA\"},{\"@type\":\"WebPage\",\"@id\":\"https:\/\/cloudforestcoffee.ca\/el-airo\/\",\"url\":\"https:\/\/cloudforestcoffee.ca\/el-airo\/\",\"name\":\"El Airo - Cloud Forest Coffee\",\"isPartOf\":{\"@id\":\"https:\/\/cloudforestcoffee.ca\/#website\"},\"primaryImageOfPage\":{\"@id\":\"https:\/\/cloudforestcoffee.ca\/el-airo\/#primaryimage\"},\"image\":{\"@id\":\"https:\/\/cloudforestcoffee.ca\/el-airo\/#primaryimage\"},\"thumbnailUrl\":\"https:\/\/cloudforestcoffee.ca\/wp-content\/uploads\/2015\/01\/133.jpg\",\"datePublished\":\"2015-01-25T20:00:47+00:00\",\"breadcrumb\":{\"@id\":\"https:\/\/cloudforestcoffee.ca\/el-airo\/#breadcrumb\"},\"inLanguage\":\"fr-CA\",\"potentialAction\":[{\"@type\":\"ReadAction\",\"target\":[\"https:\/\/cloudforestcoffee.ca\/el-airo\/\"]}]},{\"@type\":\"ImageObject\",\"inLanguage\":\"fr-CA\",\"@id\":\"https:\/\/cloudforestcoffee.ca\/el-airo\/#primaryimage\",\"url\":\"https:\/\/cloudforestcoffee.ca\/wp-content\/uploads\/2015\/01\/133.jpg\",\"contentUrl\":\"https:\/\/cloudforestcoffee.ca\/wp-content\/uploads\/2015\/01\/133.jpg\",\"width\":3872,\"height\":2592},{\"@type\":\"BreadcrumbList\",\"@id\":\"https:\/\/cloudforestcoffee.ca\/el-airo\/#breadcrumb\",\"itemListElement\":[{\"@type\":\"ListItem\",\"position\":1,\"name\":\"Home\",\"item\":\"https:\/\/cloudforestcoffee.ca\/\"},{\"@type\":\"ListItem\",\"position\":2,\"name\":\"El Airo\"}]},{\"@type\":\"WebSite\",\"@id\":\"https:\/\/cloudforestcoffee.ca\/#website\",\"url\":\"https:\/\/cloudforestcoffee.ca\/\",\"name\":\"Cloud Forest Coffee\",\"description\":\"Home\",\"publisher\":{\"@id\":\"https:\/\/cloudforestcoffee.ca\/#organization\"},\"potentialAction\":[{\"@type\":\"SearchAction\",\"target\":{\"@type\":\"EntryPoint\",\"urlTemplate\":\"https:\/\/cloudforestcoffee.ca\/?s={search_term_string}\"},\"query-input\":{\"@type\":\"PropertyValueSpecification\",\"valueRequired\":true,\"valueName\":\"search_term_string\"}}],\"inLanguage\":\"fr-CA\"},{\"@type\":\"Organization\",\"@id\":\"https:\/\/cloudforestcoffee.ca\/#organization\",\"name\":\"CloudForest Coffee\",\"url\":\"https:\/\/cloudforestcoffee.ca\/\",\"logo\":{\"@type\":\"ImageObject\",\"inLanguage\":\"fr-CA\",\"@id\":\"https:\/\/cloudforestcoffee.ca\/#\/schema\/logo\/image\/\",\"url\":\"https:\/\/cloudforestcoffee.ca\/wp-content\/uploads\/2021\/04\/CLOUD-FOREST-BLACK-1.png\",\"contentUrl\":\"https:\/\/cloudforestcoffee.ca\/wp-content\/uploads\/2021\/04\/CLOUD-FOREST-BLACK-1.png\",\"width\":4556,\"height\":890,\"caption\":\"CloudForest Coffee\"},\"image\":{\"@id\":\"https:\/\/cloudforestcoffee.ca\/#\/schema\/logo\/image\/\"}},{\"@type\":\"Person\",\"@id\":\"https:\/\/cloudforestcoffee.ca\/#\/schema\/person\/c44a3d79a74a8ab111e3fadc471171b0\",\"name\":\"cloudforestcoffee\",\"image\":{\"@type\":\"ImageObject\",\"inLanguage\":\"fr-CA\",\"@id\":\"https:\/\/cloudforestcoffee.ca\/#\/schema\/person\/image\/\",\"url\":\"https:\/\/secure.gravatar.com\/avatar\/1f08d9005e7af7bd55f3e58c05b99d9ebe21b2ede79c2cc9dd542e620b897842?s=96&d=mm&r=g\",\"contentUrl\":\"https:\/\/secure.gravatar.com\/avatar\/1f08d9005e7af7bd55f3e58c05b99d9ebe21b2ede79c2cc9dd542e620b897842?s=96&d=mm&r=g\",\"caption\":\"cloudforestcoffee\"}}]}<\/script>\n<!-- \/ Yoast SEO plugin. -->","yoast_head_json":{"title":"El Airo - Cloud Forest Coffee","robots":{"index":"noindex","follow":"follow"},"og_locale":"fr_CA","og_type":"article","og_title":"El Airo - Cloud Forest Coffee","og_description":"Marie and I arried in the peacefull community of El Airo a week ago. We took a 9 hour bus ride from the coastal city of Guayaquil to Loja &#8211; twisting and climbing higher into the Andes mountain range. Then eventually we started descending to the valley where the city of Loja is nestled in. [&hellip;]","og_url":"https:\/\/cloudforestcoffee.ca\/fr\/el-airo\/","og_site_name":"Cloud Forest Coffee","article_published_time":"2015-01-25T20:00:47+00:00","og_image":[{"width":3872,"height":2592,"url":"https:\/\/cloudforestcoffee.ca\/wp-content\/uploads\/2015\/01\/133.jpg","type":"image\/jpeg"}],"author":"cloudforestcoffee","twitter_card":"summary_large_image","twitter_misc":{"\u00c9crit par":"cloudforestcoffee","Estimation du temps de lecture":"5 minutes"},"schema":{"@context":"https:\/\/schema.org","@graph":[{"@type":"Article","@id":"https:\/\/cloudforestcoffee.ca\/el-airo\/#article","isPartOf":{"@id":"https:\/\/cloudforestcoffee.ca\/el-airo\/"},"author":{"name":"cloudforestcoffee","@id":"https:\/\/cloudforestcoffee.ca\/#\/schema\/person\/c44a3d79a74a8ab111e3fadc471171b0"},"headline":"El Airo","datePublished":"2015-01-25T20:00:47+00:00","mainEntityOfPage":{"@id":"https:\/\/cloudforestcoffee.ca\/el-airo\/"},"wordCount":959,"publisher":{"@id":"https:\/\/cloudforestcoffee.ca\/#organization"},"image":{"@id":"https:\/\/cloudforestcoffee.ca\/el-airo\/#primaryimage"},"thumbnailUrl":"https:\/\/cloudforestcoffee.ca\/wp-content\/uploads\/2015\/01\/133.jpg","articleSection":["Blog Posts"],"inLanguage":"fr-CA"},{"@type":"WebPage","@id":"https:\/\/cloudforestcoffee.ca\/el-airo\/","url":"https:\/\/cloudforestcoffee.ca\/el-airo\/","name":"El Airo - Cloud Forest Coffee","isPartOf":{"@id":"https:\/\/cloudforestcoffee.ca\/#website"},"primaryImageOfPage":{"@id":"https:\/\/cloudforestcoffee.ca\/el-airo\/#primaryimage"},"image":{"@id":"https:\/\/cloudforestcoffee.ca\/el-airo\/#primaryimage"},"thumbnailUrl":"https:\/\/cloudforestcoffee.ca\/wp-content\/uploads\/2015\/01\/133.jpg","datePublished":"2015-01-25T20:00:47+00:00","breadcrumb":{"@id":"https:\/\/cloudforestcoffee.ca\/el-airo\/#breadcrumb"},"inLanguage":"fr-CA","potentialAction":[{"@type":"ReadAction","target":["https:\/\/cloudforestcoffee.ca\/el-airo\/"]}]},{"@type":"ImageObject","inLanguage":"fr-CA","@id":"https:\/\/cloudforestcoffee.ca\/el-airo\/#primaryimage","url":"https:\/\/cloudforestcoffee.ca\/wp-content\/uploads\/2015\/01\/133.jpg","contentUrl":"https:\/\/cloudforestcoffee.ca\/wp-content\/uploads\/2015\/01\/133.jpg","width":3872,"height":2592},{"@type":"BreadcrumbList","@id":"https:\/\/cloudforestcoffee.ca\/el-airo\/#breadcrumb","itemListElement":[{"@type":"ListItem","position":1,"name":"Home","item":"https:\/\/cloudforestcoffee.ca\/"},{"@type":"ListItem","position":2,"name":"El Airo"}]},{"@type":"WebSite","@id":"https:\/\/cloudforestcoffee.ca\/#website","url":"https:\/\/cloudforestcoffee.ca\/","name":"Caf\u00e9 CloudForest","description":"Maison","publisher":{"@id":"https:\/\/cloudforestcoffee.ca\/#organization"},"potentialAction":[{"@type":"SearchAction","target":{"@type":"EntryPoint","urlTemplate":"https:\/\/cloudforestcoffee.ca\/?s={search_term_string}"},"query-input":{"@type":"PropertyValueSpecification","valueRequired":true,"valueName":"search_term_string"}}],"inLanguage":"fr-CA"},{"@type":"Organization","@id":"https:\/\/cloudforestcoffee.ca\/#organization","name":"Caf\u00e9 CloudForest","url":"https:\/\/cloudforestcoffee.ca\/","logo":{"@type":"ImageObject","inLanguage":"fr-CA","@id":"https:\/\/cloudforestcoffee.ca\/#\/schema\/logo\/image\/","url":"https:\/\/cloudforestcoffee.ca\/wp-content\/uploads\/2021\/04\/CLOUD-FOREST-BLACK-1.png","contentUrl":"https:\/\/cloudforestcoffee.ca\/wp-content\/uploads\/2021\/04\/CLOUD-FOREST-BLACK-1.png","width":4556,"height":890,"caption":"CloudForest Coffee"},"image":{"@id":"https:\/\/cloudforestcoffee.ca\/#\/schema\/logo\/image\/"}},{"@type":"Person","@id":"https:\/\/cloudforestcoffee.ca\/#\/schema\/person\/c44a3d79a74a8ab111e3fadc471171b0","name":"caf\u00e9 de la for\u00eat nuageuse","image":{"@type":"ImageObject","inLanguage":"fr-CA","@id":"https:\/\/cloudforestcoffee.ca\/#\/schema\/person\/image\/","url":"https:\/\/secure.gravatar.com\/avatar\/1f08d9005e7af7bd55f3e58c05b99d9ebe21b2ede79c2cc9dd542e620b897842?s=96&d=mm&r=g","contentUrl":"https:\/\/secure.gravatar.com\/avatar\/1f08d9005e7af7bd55f3e58c05b99d9ebe21b2ede79c2cc9dd542e620b897842?s=96&d=mm&r=g","caption":"cloudforestcoffee"}}]}},"builder_content":"","_links":{"self":[{"href":"https:\/\/cloudforestcoffee.ca\/fr\/wp-json\/wp\/v2\/posts\/173","targetHints":{"allow":["GET"]}}],"collection":[{"href":"https:\/\/cloudforestcoffee.ca\/fr\/wp-json\/wp\/v2\/posts"}],"about":[{"href":"https:\/\/cloudforestcoffee.ca\/fr\/wp-json\/wp\/v2\/types\/post"}],"author":[{"embeddable":true,"href":"https:\/\/cloudforestcoffee.ca\/fr\/wp-json\/wp\/v2\/users\/1"}],"replies":[{"embeddable":true,"href":"https:\/\/cloudforestcoffee.ca\/fr\/wp-json\/wp\/v2\/comments?post=173"}],"version-history":[{"count":0,"href":"https:\/\/cloudforestcoffee.ca\/fr\/wp-json\/wp\/v2\/posts\/173\/revisions"}],"wp:featuredmedia":[{"embeddable":true,"href":"https:\/\/cloudforestcoffee.ca\/fr\/wp-json\/wp\/v2\/media\/186"}],"wp:attachment":[{"href":"https:\/\/cloudforestcoffee.ca\/fr\/wp-json\/wp\/v2\/media?parent=173"}],"wp:term":[{"taxonomy":"category","embeddable":true,"href":"https:\/\/cloudforestcoffee.ca\/fr\/wp-json\/wp\/v2\/categories?post=173"},{"taxonomy":"post_tag","embeddable":true,"href":"https:\/\/cloudforestcoffee.ca\/fr\/wp-json\/wp\/v2\/tags?post=173"}],"curies":[{"name":"wp","href":"https:\/\/api.w.org\/{rel}","templated":true}]}}