{"id":497,"date":"2015-09-08T16:38:58","date_gmt":"2015-09-08T16:38:58","guid":{"rendered":"http:\/\/www.intagcoffee.com\/?p=497"},"modified":"2016-07-18T10:45:46","modified_gmt":"2016-07-18T10:45:46","slug":"mobile-bike-coffee-cart","status":"publish","type":"post","link":"https:\/\/cloudforestcoffee.ca\/fr\/mobile-bike-coffee-cart\/","title":{"rendered":"Chariot \u00e0 caf\u00e9 mobile pour v\u00e9lo"},"content":{"rendered":"<p><a href=\"http:\/\/www.intagcoffee.com\/wp-content\/uploads\/2015\/09\/IMG_20150824_092005.jpg\"><img loading=\"lazy\" decoding=\"async\" class=\"aligncenter size-medium wp-image-501\" src=\"http:\/\/www.intagcoffee.com\/wp-content\/uploads\/2015\/09\/IMG_20150824_092005-300x225.jpg\" alt=\"IMG_20150824_092005\" width=\"300\" height=\"225\" srcset=\"https:\/\/cloudforestcoffee.ca\/wp-content\/uploads\/2015\/09\/IMG_20150824_092005-300x225.jpg 300w, https:\/\/cloudforestcoffee.ca\/wp-content\/uploads\/2015\/09\/IMG_20150824_092005-768x576.jpg 768w, https:\/\/cloudforestcoffee.ca\/wp-content\/uploads\/2015\/09\/IMG_20150824_092005-1024x768.jpg 1024w\" sizes=\"auto, (max-width: 300px) 100vw, 300px\" \/><\/a><\/p>\n<p>&nbsp;<\/p>\n<p><a href=\"http:\/\/www.intagcoffee.com\/wp-content\/uploads\/2015\/09\/IMG_20150824_084006.jpg\"><img loading=\"lazy\" decoding=\"async\" class=\"aligncenter size-medium wp-image-498\" src=\"http:\/\/www.intagcoffee.com\/wp-content\/uploads\/2015\/09\/IMG_20150824_084006-225x300.jpg\" alt=\"IMG_20150824_084006\" width=\"225\" height=\"300\" srcset=\"https:\/\/cloudforestcoffee.ca\/wp-content\/uploads\/2015\/09\/IMG_20150824_084006-225x300.jpg 225w, https:\/\/cloudforestcoffee.ca\/wp-content\/uploads\/2015\/09\/IMG_20150824_084006-768x1024.jpg 768w\" sizes=\"auto, (max-width: 225px) 100vw, 225px\" \/><\/a><\/p>\n<p>&nbsp;<\/p>\n<p>Nous sommes ravis d&#039;annoncer le lancement d&#039;un stand de caf\u00e9 mobile cet automne 2015. Ce stand a \u00e9t\u00e9 fabriqu\u00e9 sur mesure par nos amis charpentiers, Don et Juliaana Hildebrand. La remorque m\u00e9tallique a \u00e9t\u00e9 soud\u00e9e par Milligan Ironworks. Nous l&#039;installerons lors d&#039;\u00e9v\u00e9nements et dans la rue \u00e0 Ottawa pour offrir au public un d\u00e9licieux caf\u00e9 biologique issu du commerce direct. Gr\u00e2ce \u00e0 ce stand, nous r\u00e9duisons notre impact environnemental, car nous n&#039;avons plus besoin de prendre la voiture pour nous d\u00e9placer et vendre du caf\u00e9 lors d&#039;\u00e9v\u00e9nements. Nous sentons l&#039;\u00e9lan prendre de l&#039;ampleur et esp\u00e9rons \u00eatre op\u00e9rationnels d\u00e8s le 1er octobre.<\/p>","protected":false},"excerpt":{"rendered":"<p>&nbsp; &nbsp; Nous sommes ravis d&#039;annoncer le lancement d&#039;un chariot \u00e0 caf\u00e9 mobile cet automne 2015. Ce chariot a \u00e9t\u00e9 fabriqu\u00e9 sur mesure par nos amis charpentiers talentueux, Don et Juliaana Hildebrand. La remorque m\u00e9tallique a \u00e9t\u00e9 soud\u00e9e par Milligan Ironworks. Nous l&#039;installerons lors d&#039;\u00e9v\u00e9nements et dans la rue \u00e0 Ottawa pour offrir [\u2026]<\/p>","protected":false},"author":1,"featured_media":501,"comment_status":"closed","ping_status":"closed","sticky":false,"template":"","format":"standard","meta":{"footnotes":""},"categories":[8],"tags":[19,20],"class_list":["post-497","post","type-post","status-publish","format-standard","has-post-thumbnail","hentry","category-blog-posts","tag-bike-cafe","tag-mobile-bike-cart","has-post-title","has-post-date","has-post-category","has-post-tag","has-post-comment","has-post-author",""],"yoast_head":"<!-- This site is optimized with the Yoast SEO plugin v26.5 - https:\/\/yoast.com\/wordpress\/plugins\/seo\/ -->\n<title>Mobile Bike Coffee Cart - Cloud Forest Coffee<\/title>\n<meta name=\"robots\" content=\"noindex, follow\" \/>\n<meta property=\"og:locale\" content=\"fr_CA\" \/>\n<meta property=\"og:type\" content=\"article\" \/>\n<meta property=\"og:title\" content=\"Mobile Bike Coffee Cart - Cloud Forest Coffee\" \/>\n<meta property=\"og:description\" content=\"&nbsp; &nbsp; We are excited to anounce that we will be launching\u00a0 a mobile coffee cart this fall 2015. This cart was custom crafted by our skilled carpenter friends, Don and Juliaana Hildebrand. The metal trailer was welded by Milligan Ironworks. We will be setting up at events and on the street in Ottawa offering [&hellip;]\" \/>\n<meta property=\"og:url\" content=\"https:\/\/cloudforestcoffee.ca\/fr\/mobile-bike-coffee-cart\/\" \/>\n<meta property=\"og:site_name\" content=\"Cloud Forest Coffee\" \/>\n<meta property=\"article:published_time\" content=\"2015-09-08T16:38:58+00:00\" \/>\n<meta property=\"article:modified_time\" content=\"2016-07-18T10:45:46+00:00\" \/>\n<meta property=\"og:image\" content=\"https:\/\/cloudforestcoffee.ca\/wp-content\/uploads\/2015\/09\/IMG_20150824_092005.jpg\" \/>\n\t<meta property=\"og:image:width\" content=\"3264\" \/>\n\t<meta property=\"og:image:height\" content=\"2448\" \/>\n\t<meta property=\"og:image:type\" content=\"image\/jpeg\" \/>\n<meta name=\"author\" content=\"cloudforestcoffee\" \/>\n<meta name=\"twitter:card\" content=\"summary_large_image\" \/>\n<meta name=\"twitter:label1\" content=\"\u00c9crit par\" \/>\n\t<meta name=\"twitter:data1\" content=\"cloudforestcoffee\" \/>\n\t<meta name=\"twitter:label2\" content=\"Estimation du temps de lecture\" \/>\n\t<meta name=\"twitter:data2\" content=\"1 minute\" \/>\n<script type=\"application\/ld+json\" class=\"yoast-schema-graph\">{\"@context\":\"https:\/\/schema.org\",\"@graph\":[{\"@type\":\"Article\",\"@id\":\"https:\/\/cloudforestcoffee.ca\/mobile-bike-coffee-cart\/#article\",\"isPartOf\":{\"@id\":\"https:\/\/cloudforestcoffee.ca\/mobile-bike-coffee-cart\/\"},\"author\":{\"name\":\"cloudforestcoffee\",\"@id\":\"https:\/\/cloudforestcoffee.ca\/#\/schema\/person\/c44a3d79a74a8ab111e3fadc471171b0\"},\"headline\":\"Mobile Bike Coffee Cart\",\"datePublished\":\"2015-09-08T16:38:58+00:00\",\"dateModified\":\"2016-07-18T10:45:46+00:00\",\"mainEntityOfPage\":{\"@id\":\"https:\/\/cloudforestcoffee.ca\/mobile-bike-coffee-cart\/\"},\"wordCount\":112,\"publisher\":{\"@id\":\"https:\/\/cloudforestcoffee.ca\/#organization\"},\"image\":{\"@id\":\"https:\/\/cloudforestcoffee.ca\/mobile-bike-coffee-cart\/#primaryimage\"},\"thumbnailUrl\":\"https:\/\/cloudforestcoffee.ca\/wp-content\/uploads\/2015\/09\/IMG_20150824_092005.jpg\",\"keywords\":[\"bike cafe\",\"Mobile Bike Cart\"],\"articleSection\":[\"Blog Posts\"],\"inLanguage\":\"fr-CA\"},{\"@type\":\"WebPage\",\"@id\":\"https:\/\/cloudforestcoffee.ca\/mobile-bike-coffee-cart\/\",\"url\":\"https:\/\/cloudforestcoffee.ca\/mobile-bike-coffee-cart\/\",\"name\":\"Mobile Bike Coffee Cart - Cloud Forest Coffee\",\"isPartOf\":{\"@id\":\"https:\/\/cloudforestcoffee.ca\/#website\"},\"primaryImageOfPage\":{\"@id\":\"https:\/\/cloudforestcoffee.ca\/mobile-bike-coffee-cart\/#primaryimage\"},\"image\":{\"@id\":\"https:\/\/cloudforestcoffee.ca\/mobile-bike-coffee-cart\/#primaryimage\"},\"thumbnailUrl\":\"https:\/\/cloudforestcoffee.ca\/wp-content\/uploads\/2015\/09\/IMG_20150824_092005.jpg\",\"datePublished\":\"2015-09-08T16:38:58+00:00\",\"dateModified\":\"2016-07-18T10:45:46+00:00\",\"breadcrumb\":{\"@id\":\"https:\/\/cloudforestcoffee.ca\/mobile-bike-coffee-cart\/#breadcrumb\"},\"inLanguage\":\"fr-CA\",\"potentialAction\":[{\"@type\":\"ReadAction\",\"target\":[\"https:\/\/cloudforestcoffee.ca\/mobile-bike-coffee-cart\/\"]}]},{\"@type\":\"ImageObject\",\"inLanguage\":\"fr-CA\",\"@id\":\"https:\/\/cloudforestcoffee.ca\/mobile-bike-coffee-cart\/#primaryimage\",\"url\":\"https:\/\/cloudforestcoffee.ca\/wp-content\/uploads\/2015\/09\/IMG_20150824_092005.jpg\",\"contentUrl\":\"https:\/\/cloudforestcoffee.ca\/wp-content\/uploads\/2015\/09\/IMG_20150824_092005.jpg\",\"width\":3264,\"height\":2448},{\"@type\":\"BreadcrumbList\",\"@id\":\"https:\/\/cloudforestcoffee.ca\/mobile-bike-coffee-cart\/#breadcrumb\",\"itemListElement\":[{\"@type\":\"ListItem\",\"position\":1,\"name\":\"Home\",\"item\":\"https:\/\/cloudforestcoffee.ca\/\"},{\"@type\":\"ListItem\",\"position\":2,\"name\":\"Mobile Bike Coffee Cart\"}]},{\"@type\":\"WebSite\",\"@id\":\"https:\/\/cloudforestcoffee.ca\/#website\",\"url\":\"https:\/\/cloudforestcoffee.ca\/\",\"name\":\"Cloud Forest Coffee\",\"description\":\"Home\",\"publisher\":{\"@id\":\"https:\/\/cloudforestcoffee.ca\/#organization\"},\"potentialAction\":[{\"@type\":\"SearchAction\",\"target\":{\"@type\":\"EntryPoint\",\"urlTemplate\":\"https:\/\/cloudforestcoffee.ca\/?s={search_term_string}\"},\"query-input\":{\"@type\":\"PropertyValueSpecification\",\"valueRequired\":true,\"valueName\":\"search_term_string\"}}],\"inLanguage\":\"fr-CA\"},{\"@type\":\"Organization\",\"@id\":\"https:\/\/cloudforestcoffee.ca\/#organization\",\"name\":\"CloudForest Coffee\",\"url\":\"https:\/\/cloudforestcoffee.ca\/\",\"logo\":{\"@type\":\"ImageObject\",\"inLanguage\":\"fr-CA\",\"@id\":\"https:\/\/cloudforestcoffee.ca\/#\/schema\/logo\/image\/\",\"url\":\"https:\/\/cloudforestcoffee.ca\/wp-content\/uploads\/2021\/04\/CLOUD-FOREST-BLACK-1.png\",\"contentUrl\":\"https:\/\/cloudforestcoffee.ca\/wp-content\/uploads\/2021\/04\/CLOUD-FOREST-BLACK-1.png\",\"width\":4556,\"height\":890,\"caption\":\"CloudForest Coffee\"},\"image\":{\"@id\":\"https:\/\/cloudforestcoffee.ca\/#\/schema\/logo\/image\/\"}},{\"@type\":\"Person\",\"@id\":\"https:\/\/cloudforestcoffee.ca\/#\/schema\/person\/c44a3d79a74a8ab111e3fadc471171b0\",\"name\":\"cloudforestcoffee\",\"image\":{\"@type\":\"ImageObject\",\"inLanguage\":\"fr-CA\",\"@id\":\"https:\/\/cloudforestcoffee.ca\/#\/schema\/person\/image\/\",\"url\":\"https:\/\/secure.gravatar.com\/avatar\/1f08d9005e7af7bd55f3e58c05b99d9ebe21b2ede79c2cc9dd542e620b897842?s=96&d=mm&r=g\",\"contentUrl\":\"https:\/\/secure.gravatar.com\/avatar\/1f08d9005e7af7bd55f3e58c05b99d9ebe21b2ede79c2cc9dd542e620b897842?s=96&d=mm&r=g\",\"caption\":\"cloudforestcoffee\"}}]}<\/script>\n<!-- \/ Yoast SEO plugin. -->","yoast_head_json":{"title":"Mobile Bike Coffee Cart - Cloud Forest Coffee","robots":{"index":"noindex","follow":"follow"},"og_locale":"fr_CA","og_type":"article","og_title":"Mobile Bike Coffee Cart - Cloud Forest Coffee","og_description":"&nbsp; &nbsp; We are excited to anounce that we will be launching\u00a0 a mobile coffee cart this fall 2015. This cart was custom crafted by our skilled carpenter friends, Don and Juliaana Hildebrand. The metal trailer was welded by Milligan Ironworks. We will be setting up at events and on the street in Ottawa offering [&hellip;]","og_url":"https:\/\/cloudforestcoffee.ca\/fr\/mobile-bike-coffee-cart\/","og_site_name":"Cloud Forest Coffee","article_published_time":"2015-09-08T16:38:58+00:00","article_modified_time":"2016-07-18T10:45:46+00:00","og_image":[{"width":3264,"height":2448,"url":"https:\/\/cloudforestcoffee.ca\/wp-content\/uploads\/2015\/09\/IMG_20150824_092005.jpg","type":"image\/jpeg"}],"author":"cloudforestcoffee","twitter_card":"summary_large_image","twitter_misc":{"\u00c9crit par":"cloudforestcoffee","Estimation du temps de lecture":"1 minute"},"schema":{"@context":"https:\/\/schema.org","@graph":[{"@type":"Article","@id":"https:\/\/cloudforestcoffee.ca\/mobile-bike-coffee-cart\/#article","isPartOf":{"@id":"https:\/\/cloudforestcoffee.ca\/mobile-bike-coffee-cart\/"},"author":{"name":"cloudforestcoffee","@id":"https:\/\/cloudforestcoffee.ca\/#\/schema\/person\/c44a3d79a74a8ab111e3fadc471171b0"},"headline":"Mobile Bike Coffee Cart","datePublished":"2015-09-08T16:38:58+00:00","dateModified":"2016-07-18T10:45:46+00:00","mainEntityOfPage":{"@id":"https:\/\/cloudforestcoffee.ca\/mobile-bike-coffee-cart\/"},"wordCount":112,"publisher":{"@id":"https:\/\/cloudforestcoffee.ca\/#organization"},"image":{"@id":"https:\/\/cloudforestcoffee.ca\/mobile-bike-coffee-cart\/#primaryimage"},"thumbnailUrl":"https:\/\/cloudforestcoffee.ca\/wp-content\/uploads\/2015\/09\/IMG_20150824_092005.jpg","keywords":["bike cafe","Mobile Bike Cart"],"articleSection":["Blog Posts"],"inLanguage":"fr-CA"},{"@type":"WebPage","@id":"https:\/\/cloudforestcoffee.ca\/mobile-bike-coffee-cart\/","url":"https:\/\/cloudforestcoffee.ca\/mobile-bike-coffee-cart\/","name":"Mobile Bike Coffee Cart - Cloud Forest Coffee","isPartOf":{"@id":"https:\/\/cloudforestcoffee.ca\/#website"},"primaryImageOfPage":{"@id":"https:\/\/cloudforestcoffee.ca\/mobile-bike-coffee-cart\/#primaryimage"},"image":{"@id":"https:\/\/cloudforestcoffee.ca\/mobile-bike-coffee-cart\/#primaryimage"},"thumbnailUrl":"https:\/\/cloudforestcoffee.ca\/wp-content\/uploads\/2015\/09\/IMG_20150824_092005.jpg","datePublished":"2015-09-08T16:38:58+00:00","dateModified":"2016-07-18T10:45:46+00:00","breadcrumb":{"@id":"https:\/\/cloudforestcoffee.ca\/mobile-bike-coffee-cart\/#breadcrumb"},"inLanguage":"fr-CA","potentialAction":[{"@type":"ReadAction","target":["https:\/\/cloudforestcoffee.ca\/mobile-bike-coffee-cart\/"]}]},{"@type":"ImageObject","inLanguage":"fr-CA","@id":"https:\/\/cloudforestcoffee.ca\/mobile-bike-coffee-cart\/#primaryimage","url":"https:\/\/cloudforestcoffee.ca\/wp-content\/uploads\/2015\/09\/IMG_20150824_092005.jpg","contentUrl":"https:\/\/cloudforestcoffee.ca\/wp-content\/uploads\/2015\/09\/IMG_20150824_092005.jpg","width":3264,"height":2448},{"@type":"BreadcrumbList","@id":"https:\/\/cloudforestcoffee.ca\/mobile-bike-coffee-cart\/#breadcrumb","itemListElement":[{"@type":"ListItem","position":1,"name":"Home","item":"https:\/\/cloudforestcoffee.ca\/"},{"@type":"ListItem","position":2,"name":"Mobile Bike Coffee Cart"}]},{"@type":"WebSite","@id":"https:\/\/cloudforestcoffee.ca\/#website","url":"https:\/\/cloudforestcoffee.ca\/","name":"Caf\u00e9 CloudForest","description":"Maison","publisher":{"@id":"https:\/\/cloudforestcoffee.ca\/#organization"},"potentialAction":[{"@type":"SearchAction","target":{"@type":"EntryPoint","urlTemplate":"https:\/\/cloudforestcoffee.ca\/?s={search_term_string}"},"query-input":{"@type":"PropertyValueSpecification","valueRequired":true,"valueName":"search_term_string"}}],"inLanguage":"fr-CA"},{"@type":"Organization","@id":"https:\/\/cloudforestcoffee.ca\/#organization","name":"Caf\u00e9 CloudForest","url":"https:\/\/cloudforestcoffee.ca\/","logo":{"@type":"ImageObject","inLanguage":"fr-CA","@id":"https:\/\/cloudforestcoffee.ca\/#\/schema\/logo\/image\/","url":"https:\/\/cloudforestcoffee.ca\/wp-content\/uploads\/2021\/04\/CLOUD-FOREST-BLACK-1.png","contentUrl":"https:\/\/cloudforestcoffee.ca\/wp-content\/uploads\/2021\/04\/CLOUD-FOREST-BLACK-1.png","width":4556,"height":890,"caption":"CloudForest Coffee"},"image":{"@id":"https:\/\/cloudforestcoffee.ca\/#\/schema\/logo\/image\/"}},{"@type":"Person","@id":"https:\/\/cloudforestcoffee.ca\/#\/schema\/person\/c44a3d79a74a8ab111e3fadc471171b0","name":"caf\u00e9 de la for\u00eat nuageuse","image":{"@type":"ImageObject","inLanguage":"fr-CA","@id":"https:\/\/cloudforestcoffee.ca\/#\/schema\/person\/image\/","url":"https:\/\/secure.gravatar.com\/avatar\/1f08d9005e7af7bd55f3e58c05b99d9ebe21b2ede79c2cc9dd542e620b897842?s=96&d=mm&r=g","contentUrl":"https:\/\/secure.gravatar.com\/avatar\/1f08d9005e7af7bd55f3e58c05b99d9ebe21b2ede79c2cc9dd542e620b897842?s=96&d=mm&r=g","caption":"cloudforestcoffee"}}]}},"builder_content":"","_links":{"self":[{"href":"https:\/\/cloudforestcoffee.ca\/fr\/wp-json\/wp\/v2\/posts\/497","targetHints":{"allow":["GET"]}}],"collection":[{"href":"https:\/\/cloudforestcoffee.ca\/fr\/wp-json\/wp\/v2\/posts"}],"about":[{"href":"https:\/\/cloudforestcoffee.ca\/fr\/wp-json\/wp\/v2\/types\/post"}],"author":[{"embeddable":true,"href":"https:\/\/cloudforestcoffee.ca\/fr\/wp-json\/wp\/v2\/users\/1"}],"replies":[{"embeddable":true,"href":"https:\/\/cloudforestcoffee.ca\/fr\/wp-json\/wp\/v2\/comments?post=497"}],"version-history":[{"count":0,"href":"https:\/\/cloudforestcoffee.ca\/fr\/wp-json\/wp\/v2\/posts\/497\/revisions"}],"wp:featuredmedia":[{"embeddable":true,"href":"https:\/\/cloudforestcoffee.ca\/fr\/wp-json\/wp\/v2\/media\/501"}],"wp:attachment":[{"href":"https:\/\/cloudforestcoffee.ca\/fr\/wp-json\/wp\/v2\/media?parent=497"}],"wp:term":[{"taxonomy":"category","embeddable":true,"href":"https:\/\/cloudforestcoffee.ca\/fr\/wp-json\/wp\/v2\/categories?post=497"},{"taxonomy":"post_tag","embeddable":true,"href":"https:\/\/cloudforestcoffee.ca\/fr\/wp-json\/wp\/v2\/tags?post=497"}],"curies":[{"name":"wp","href":"https:\/\/api.w.org\/{rel}","templated":true}]}}