{"id":509,"date":"2016-01-11T19:37:53","date_gmt":"2016-01-11T19:37:53","guid":{"rendered":"http:\/\/www.intagcoffee.com\/?p=509"},"modified":"2016-07-18T16:07:28","modified_gmt":"2016-07-18T16:07:28","slug":"cloud-forest-coffee-is-proud-to-support-ecological-conservation-2","status":"publish","type":"post","link":"https:\/\/cloudforestcoffee.ca\/fr\/cloud-forest-coffee-is-proud-to-support-ecological-conservation-2\/","title":{"rendered":"Cloud Forest Coffee est fier de soutenir la conservation \u00e9cologique."},"content":{"rendered":"<p><a href=\"http:\/\/www.intagcoffee.com\/wp-content\/uploads\/2016\/01\/DSC_4140.jpg\"><img loading=\"lazy\" decoding=\"async\" class=\"aligncenter size-medium wp-image-510\" src=\"http:\/\/www.intagcoffee.com\/wp-content\/uploads\/2016\/01\/DSC_4140-300x201.jpg\" alt=\"DSC_4140\" width=\"300\" height=\"201\" srcset=\"https:\/\/cloudforestcoffee.ca\/wp-content\/uploads\/2016\/01\/DSC_4140-300x201.jpg 300w, https:\/\/cloudforestcoffee.ca\/wp-content\/uploads\/2016\/01\/DSC_4140-600x402.jpg 600w, https:\/\/cloudforestcoffee.ca\/wp-content\/uploads\/2016\/01\/DSC_4140-768x514.jpg 768w, https:\/\/cloudforestcoffee.ca\/wp-content\/uploads\/2016\/01\/DSC_4140-1024x685.jpg 1024w\" sizes=\"auto, (max-width: 300px) 100vw, 300px\" \/><\/a><\/p>\n<p>La vall\u00e9e d&#039;Intag est l&#039;un des endroits les plus beaux et les plus riches en biodiversit\u00e9 d&#039;\u00c9quateur, ce qui en dit long sur la beaut\u00e9 et la biodiversit\u00e9 de ce pays. La beaut\u00e9 et la fertilit\u00e9 de ses terres incitent les habitants \u00e0 prot\u00e9ger leur environnement et \u00e0 r\u00e9sister \u00e0 l&#039;extraction des ressources. La terre produit suffisamment de nourriture pour la population et permet de cultiver un d\u00e9licieux caf\u00e9 biologique. Nous soutenons DECOIN, un groupe qui promeut la pr\u00e9servation de l&#039;environnement dans la r\u00e9gion. L&#039;association ach\u00e8te des terres, g\u00e9n\u00e9ralement des for\u00eats primaires, et veille \u00e0 leur conservation. Cela permet de prot\u00e9ger la terre, l&#039;eau et la faune. Pour soutenir DECOIN, consultez son site web\u00a0: http:\/\/www.decoin.org\/.<\/p>\n<p>&nbsp;<\/p>\n<p>&nbsp;<\/p>\n<p>&nbsp;<\/p>\n<p>&nbsp;<\/p>\n<p>&nbsp;<\/p>","protected":false},"excerpt":{"rendered":"<p>La vall\u00e9e de l&#039;Intag est l&#039;un des endroits les plus beaux et les plus riches en biodiversit\u00e9 d&#039;\u00c9quateur, ce qui en dit long sur un pays aussi beau et riche en biodiversit\u00e9. C&#039;est la beaut\u00e9 et la fertilit\u00e9 de la terre qui incitent les habitants \u00e0 prot\u00e9ger leur environnement et \u00e0 r\u00e9sister \u00e0 l&#039;extraction des ressources sur leurs terres. [\u2026]<\/p>","protected":false},"author":1,"featured_media":510,"comment_status":"closed","ping_status":"closed","sticky":false,"template":"","format":"standard","meta":{"footnotes":""},"categories":[8],"tags":[],"class_list":["post-509","post","type-post","status-publish","format-standard","has-post-thumbnail","hentry","category-blog-posts","has-post-title","has-post-date","has-post-category","has-post-tag","has-post-comment","has-post-author",""],"yoast_head":"<!-- This site is optimized with the Yoast SEO plugin v26.5 - https:\/\/yoast.com\/wordpress\/plugins\/seo\/ -->\n<title>Cloud Forest Coffee is proud to support ecological conservation. - Cloud Forest Coffee<\/title>\n<meta name=\"robots\" content=\"noindex, follow\" \/>\n<meta property=\"og:locale\" content=\"fr_CA\" \/>\n<meta property=\"og:type\" content=\"article\" \/>\n<meta property=\"og:title\" content=\"Cloud Forest Coffee is proud to support ecological conservation. - Cloud Forest Coffee\" \/>\n<meta property=\"og:description\" content=\"The Intag valley is one of the most beautiful and bio-diverse places in Ecuador, which is saying a lot for a country that is full of beauty and bio-diversity. It&#8217;s the beauty and the fertility of the land that inspires the local residents to protect their environment and resist resource extraction on their land. The [&hellip;]\" \/>\n<meta property=\"og:url\" content=\"https:\/\/cloudforestcoffee.ca\/fr\/cloud-forest-coffee-is-proud-to-support-ecological-conservation-2\/\" \/>\n<meta property=\"og:site_name\" content=\"Cloud Forest Coffee\" \/>\n<meta property=\"article:published_time\" content=\"2016-01-11T19:37:53+00:00\" \/>\n<meta property=\"article:modified_time\" content=\"2016-07-18T16:07:28+00:00\" \/>\n<meta property=\"og:image\" content=\"https:\/\/cloudforestcoffee.ca\/wp-content\/uploads\/2016\/01\/DSC_4140-scaled.jpg\" \/>\n\t<meta property=\"og:image:width\" content=\"2560\" \/>\n\t<meta property=\"og:image:height\" content=\"1714\" \/>\n\t<meta property=\"og:image:type\" content=\"image\/jpeg\" \/>\n<meta name=\"author\" content=\"cloudforestcoffee\" \/>\n<meta name=\"twitter:card\" content=\"summary_large_image\" \/>\n<meta name=\"twitter:label1\" content=\"\u00c9crit par\" \/>\n\t<meta name=\"twitter:data1\" content=\"cloudforestcoffee\" \/>\n\t<meta name=\"twitter:label2\" content=\"Estimation du temps de lecture\" \/>\n\t<meta name=\"twitter:data2\" content=\"1 minute\" \/>\n<script type=\"application\/ld+json\" class=\"yoast-schema-graph\">{\"@context\":\"https:\/\/schema.org\",\"@graph\":[{\"@type\":\"Article\",\"@id\":\"https:\/\/cloudforestcoffee.ca\/cloud-forest-coffee-is-proud-to-support-ecological-conservation-2\/#article\",\"isPartOf\":{\"@id\":\"https:\/\/cloudforestcoffee.ca\/cloud-forest-coffee-is-proud-to-support-ecological-conservation-2\/\"},\"author\":{\"name\":\"cloudforestcoffee\",\"@id\":\"https:\/\/cloudforestcoffee.ca\/#\/schema\/person\/c44a3d79a74a8ab111e3fadc471171b0\"},\"headline\":\"Cloud Forest Coffee is proud to support ecological conservation.\",\"datePublished\":\"2016-01-11T19:37:53+00:00\",\"dateModified\":\"2016-07-18T16:07:28+00:00\",\"mainEntityOfPage\":{\"@id\":\"https:\/\/cloudforestcoffee.ca\/cloud-forest-coffee-is-proud-to-support-ecological-conservation-2\/\"},\"wordCount\":141,\"publisher\":{\"@id\":\"https:\/\/cloudforestcoffee.ca\/#organization\"},\"image\":{\"@id\":\"https:\/\/cloudforestcoffee.ca\/cloud-forest-coffee-is-proud-to-support-ecological-conservation-2\/#primaryimage\"},\"thumbnailUrl\":\"https:\/\/cloudforestcoffee.ca\/wp-content\/uploads\/2016\/01\/DSC_4140-scaled.jpg\",\"articleSection\":[\"Blog Posts\"],\"inLanguage\":\"fr-CA\"},{\"@type\":\"WebPage\",\"@id\":\"https:\/\/cloudforestcoffee.ca\/cloud-forest-coffee-is-proud-to-support-ecological-conservation-2\/\",\"url\":\"https:\/\/cloudforestcoffee.ca\/cloud-forest-coffee-is-proud-to-support-ecological-conservation-2\/\",\"name\":\"Cloud Forest Coffee is proud to support ecological conservation. - Cloud Forest Coffee\",\"isPartOf\":{\"@id\":\"https:\/\/cloudforestcoffee.ca\/#website\"},\"primaryImageOfPage\":{\"@id\":\"https:\/\/cloudforestcoffee.ca\/cloud-forest-coffee-is-proud-to-support-ecological-conservation-2\/#primaryimage\"},\"image\":{\"@id\":\"https:\/\/cloudforestcoffee.ca\/cloud-forest-coffee-is-proud-to-support-ecological-conservation-2\/#primaryimage\"},\"thumbnailUrl\":\"https:\/\/cloudforestcoffee.ca\/wp-content\/uploads\/2016\/01\/DSC_4140-scaled.jpg\",\"datePublished\":\"2016-01-11T19:37:53+00:00\",\"dateModified\":\"2016-07-18T16:07:28+00:00\",\"breadcrumb\":{\"@id\":\"https:\/\/cloudforestcoffee.ca\/cloud-forest-coffee-is-proud-to-support-ecological-conservation-2\/#breadcrumb\"},\"inLanguage\":\"fr-CA\",\"potentialAction\":[{\"@type\":\"ReadAction\",\"target\":[\"https:\/\/cloudforestcoffee.ca\/cloud-forest-coffee-is-proud-to-support-ecological-conservation-2\/\"]}]},{\"@type\":\"ImageObject\",\"inLanguage\":\"fr-CA\",\"@id\":\"https:\/\/cloudforestcoffee.ca\/cloud-forest-coffee-is-proud-to-support-ecological-conservation-2\/#primaryimage\",\"url\":\"https:\/\/cloudforestcoffee.ca\/wp-content\/uploads\/2016\/01\/DSC_4140-scaled.jpg\",\"contentUrl\":\"https:\/\/cloudforestcoffee.ca\/wp-content\/uploads\/2016\/01\/DSC_4140-scaled.jpg\",\"width\":2560,\"height\":1714},{\"@type\":\"BreadcrumbList\",\"@id\":\"https:\/\/cloudforestcoffee.ca\/cloud-forest-coffee-is-proud-to-support-ecological-conservation-2\/#breadcrumb\",\"itemListElement\":[{\"@type\":\"ListItem\",\"position\":1,\"name\":\"Home\",\"item\":\"https:\/\/cloudforestcoffee.ca\/\"},{\"@type\":\"ListItem\",\"position\":2,\"name\":\"Cloud Forest Coffee is proud to support ecological conservation.\"}]},{\"@type\":\"WebSite\",\"@id\":\"https:\/\/cloudforestcoffee.ca\/#website\",\"url\":\"https:\/\/cloudforestcoffee.ca\/\",\"name\":\"Cloud Forest Coffee\",\"description\":\"Home\",\"publisher\":{\"@id\":\"https:\/\/cloudforestcoffee.ca\/#organization\"},\"potentialAction\":[{\"@type\":\"SearchAction\",\"target\":{\"@type\":\"EntryPoint\",\"urlTemplate\":\"https:\/\/cloudforestcoffee.ca\/?s={search_term_string}\"},\"query-input\":{\"@type\":\"PropertyValueSpecification\",\"valueRequired\":true,\"valueName\":\"search_term_string\"}}],\"inLanguage\":\"fr-CA\"},{\"@type\":\"Organization\",\"@id\":\"https:\/\/cloudforestcoffee.ca\/#organization\",\"name\":\"CloudForest Coffee\",\"url\":\"https:\/\/cloudforestcoffee.ca\/\",\"logo\":{\"@type\":\"ImageObject\",\"inLanguage\":\"fr-CA\",\"@id\":\"https:\/\/cloudforestcoffee.ca\/#\/schema\/logo\/image\/\",\"url\":\"https:\/\/cloudforestcoffee.ca\/wp-content\/uploads\/2021\/04\/CLOUD-FOREST-BLACK-1.png\",\"contentUrl\":\"https:\/\/cloudforestcoffee.ca\/wp-content\/uploads\/2021\/04\/CLOUD-FOREST-BLACK-1.png\",\"width\":4556,\"height\":890,\"caption\":\"CloudForest Coffee\"},\"image\":{\"@id\":\"https:\/\/cloudforestcoffee.ca\/#\/schema\/logo\/image\/\"}},{\"@type\":\"Person\",\"@id\":\"https:\/\/cloudforestcoffee.ca\/#\/schema\/person\/c44a3d79a74a8ab111e3fadc471171b0\",\"name\":\"cloudforestcoffee\",\"image\":{\"@type\":\"ImageObject\",\"inLanguage\":\"fr-CA\",\"@id\":\"https:\/\/cloudforestcoffee.ca\/#\/schema\/person\/image\/\",\"url\":\"https:\/\/secure.gravatar.com\/avatar\/1f08d9005e7af7bd55f3e58c05b99d9ebe21b2ede79c2cc9dd542e620b897842?s=96&d=mm&r=g\",\"contentUrl\":\"https:\/\/secure.gravatar.com\/avatar\/1f08d9005e7af7bd55f3e58c05b99d9ebe21b2ede79c2cc9dd542e620b897842?s=96&d=mm&r=g\",\"caption\":\"cloudforestcoffee\"}}]}<\/script>\n<!-- \/ Yoast SEO plugin. -->","yoast_head_json":{"title":"Cloud Forest Coffee is proud to support ecological conservation. - Cloud Forest Coffee","robots":{"index":"noindex","follow":"follow"},"og_locale":"fr_CA","og_type":"article","og_title":"Cloud Forest Coffee is proud to support ecological conservation. - Cloud Forest Coffee","og_description":"The Intag valley is one of the most beautiful and bio-diverse places in Ecuador, which is saying a lot for a country that is full of beauty and bio-diversity. It&#8217;s the beauty and the fertility of the land that inspires the local residents to protect their environment and resist resource extraction on their land. The [&hellip;]","og_url":"https:\/\/cloudforestcoffee.ca\/fr\/cloud-forest-coffee-is-proud-to-support-ecological-conservation-2\/","og_site_name":"Cloud Forest Coffee","article_published_time":"2016-01-11T19:37:53+00:00","article_modified_time":"2016-07-18T16:07:28+00:00","og_image":[{"width":2560,"height":1714,"url":"https:\/\/cloudforestcoffee.ca\/wp-content\/uploads\/2016\/01\/DSC_4140-scaled.jpg","type":"image\/jpeg"}],"author":"cloudforestcoffee","twitter_card":"summary_large_image","twitter_misc":{"\u00c9crit par":"cloudforestcoffee","Estimation du temps de lecture":"1 minute"},"schema":{"@context":"https:\/\/schema.org","@graph":[{"@type":"Article","@id":"https:\/\/cloudforestcoffee.ca\/cloud-forest-coffee-is-proud-to-support-ecological-conservation-2\/#article","isPartOf":{"@id":"https:\/\/cloudforestcoffee.ca\/cloud-forest-coffee-is-proud-to-support-ecological-conservation-2\/"},"author":{"name":"cloudforestcoffee","@id":"https:\/\/cloudforestcoffee.ca\/#\/schema\/person\/c44a3d79a74a8ab111e3fadc471171b0"},"headline":"Cloud Forest Coffee is proud to support ecological conservation.","datePublished":"2016-01-11T19:37:53+00:00","dateModified":"2016-07-18T16:07:28+00:00","mainEntityOfPage":{"@id":"https:\/\/cloudforestcoffee.ca\/cloud-forest-coffee-is-proud-to-support-ecological-conservation-2\/"},"wordCount":141,"publisher":{"@id":"https:\/\/cloudforestcoffee.ca\/#organization"},"image":{"@id":"https:\/\/cloudforestcoffee.ca\/cloud-forest-coffee-is-proud-to-support-ecological-conservation-2\/#primaryimage"},"thumbnailUrl":"https:\/\/cloudforestcoffee.ca\/wp-content\/uploads\/2016\/01\/DSC_4140-scaled.jpg","articleSection":["Blog Posts"],"inLanguage":"fr-CA"},{"@type":"WebPage","@id":"https:\/\/cloudforestcoffee.ca\/cloud-forest-coffee-is-proud-to-support-ecological-conservation-2\/","url":"https:\/\/cloudforestcoffee.ca\/cloud-forest-coffee-is-proud-to-support-ecological-conservation-2\/","name":"Cloud Forest Coffee is proud to support ecological conservation. - Cloud Forest Coffee","isPartOf":{"@id":"https:\/\/cloudforestcoffee.ca\/#website"},"primaryImageOfPage":{"@id":"https:\/\/cloudforestcoffee.ca\/cloud-forest-coffee-is-proud-to-support-ecological-conservation-2\/#primaryimage"},"image":{"@id":"https:\/\/cloudforestcoffee.ca\/cloud-forest-coffee-is-proud-to-support-ecological-conservation-2\/#primaryimage"},"thumbnailUrl":"https:\/\/cloudforestcoffee.ca\/wp-content\/uploads\/2016\/01\/DSC_4140-scaled.jpg","datePublished":"2016-01-11T19:37:53+00:00","dateModified":"2016-07-18T16:07:28+00:00","breadcrumb":{"@id":"https:\/\/cloudforestcoffee.ca\/cloud-forest-coffee-is-proud-to-support-ecological-conservation-2\/#breadcrumb"},"inLanguage":"fr-CA","potentialAction":[{"@type":"ReadAction","target":["https:\/\/cloudforestcoffee.ca\/cloud-forest-coffee-is-proud-to-support-ecological-conservation-2\/"]}]},{"@type":"ImageObject","inLanguage":"fr-CA","@id":"https:\/\/cloudforestcoffee.ca\/cloud-forest-coffee-is-proud-to-support-ecological-conservation-2\/#primaryimage","url":"https:\/\/cloudforestcoffee.ca\/wp-content\/uploads\/2016\/01\/DSC_4140-scaled.jpg","contentUrl":"https:\/\/cloudforestcoffee.ca\/wp-content\/uploads\/2016\/01\/DSC_4140-scaled.jpg","width":2560,"height":1714},{"@type":"BreadcrumbList","@id":"https:\/\/cloudforestcoffee.ca\/cloud-forest-coffee-is-proud-to-support-ecological-conservation-2\/#breadcrumb","itemListElement":[{"@type":"ListItem","position":1,"name":"Home","item":"https:\/\/cloudforestcoffee.ca\/"},{"@type":"ListItem","position":2,"name":"Cloud Forest Coffee is proud to support ecological conservation."}]},{"@type":"WebSite","@id":"https:\/\/cloudforestcoffee.ca\/#website","url":"https:\/\/cloudforestcoffee.ca\/","name":"Caf\u00e9 CloudForest","description":"Maison","publisher":{"@id":"https:\/\/cloudforestcoffee.ca\/#organization"},"potentialAction":[{"@type":"SearchAction","target":{"@type":"EntryPoint","urlTemplate":"https:\/\/cloudforestcoffee.ca\/?s={search_term_string}"},"query-input":{"@type":"PropertyValueSpecification","valueRequired":true,"valueName":"search_term_string"}}],"inLanguage":"fr-CA"},{"@type":"Organization","@id":"https:\/\/cloudforestcoffee.ca\/#organization","name":"Caf\u00e9 CloudForest","url":"https:\/\/cloudforestcoffee.ca\/","logo":{"@type":"ImageObject","inLanguage":"fr-CA","@id":"https:\/\/cloudforestcoffee.ca\/#\/schema\/logo\/image\/","url":"https:\/\/cloudforestcoffee.ca\/wp-content\/uploads\/2021\/04\/CLOUD-FOREST-BLACK-1.png","contentUrl":"https:\/\/cloudforestcoffee.ca\/wp-content\/uploads\/2021\/04\/CLOUD-FOREST-BLACK-1.png","width":4556,"height":890,"caption":"CloudForest Coffee"},"image":{"@id":"https:\/\/cloudforestcoffee.ca\/#\/schema\/logo\/image\/"}},{"@type":"Person","@id":"https:\/\/cloudforestcoffee.ca\/#\/schema\/person\/c44a3d79a74a8ab111e3fadc471171b0","name":"caf\u00e9 de la for\u00eat nuageuse","image":{"@type":"ImageObject","inLanguage":"fr-CA","@id":"https:\/\/cloudforestcoffee.ca\/#\/schema\/person\/image\/","url":"https:\/\/secure.gravatar.com\/avatar\/1f08d9005e7af7bd55f3e58c05b99d9ebe21b2ede79c2cc9dd542e620b897842?s=96&d=mm&r=g","contentUrl":"https:\/\/secure.gravatar.com\/avatar\/1f08d9005e7af7bd55f3e58c05b99d9ebe21b2ede79c2cc9dd542e620b897842?s=96&d=mm&r=g","caption":"cloudforestcoffee"}}]}},"builder_content":"","_links":{"self":[{"href":"https:\/\/cloudforestcoffee.ca\/fr\/wp-json\/wp\/v2\/posts\/509","targetHints":{"allow":["GET"]}}],"collection":[{"href":"https:\/\/cloudforestcoffee.ca\/fr\/wp-json\/wp\/v2\/posts"}],"about":[{"href":"https:\/\/cloudforestcoffee.ca\/fr\/wp-json\/wp\/v2\/types\/post"}],"author":[{"embeddable":true,"href":"https:\/\/cloudforestcoffee.ca\/fr\/wp-json\/wp\/v2\/users\/1"}],"replies":[{"embeddable":true,"href":"https:\/\/cloudforestcoffee.ca\/fr\/wp-json\/wp\/v2\/comments?post=509"}],"version-history":[{"count":0,"href":"https:\/\/cloudforestcoffee.ca\/fr\/wp-json\/wp\/v2\/posts\/509\/revisions"}],"wp:featuredmedia":[{"embeddable":true,"href":"https:\/\/cloudforestcoffee.ca\/fr\/wp-json\/wp\/v2\/media\/510"}],"wp:attachment":[{"href":"https:\/\/cloudforestcoffee.ca\/fr\/wp-json\/wp\/v2\/media?parent=509"}],"wp:term":[{"taxonomy":"category","embeddable":true,"href":"https:\/\/cloudforestcoffee.ca\/fr\/wp-json\/wp\/v2\/categories?post=509"},{"taxonomy":"post_tag","embeddable":true,"href":"https:\/\/cloudforestcoffee.ca\/fr\/wp-json\/wp\/v2\/tags?post=509"}],"curies":[{"name":"wp","href":"https:\/\/api.w.org\/{rel}","templated":true}]}}